{"id":7910,"date":"2014-08-21T15:16:21","date_gmt":"2014-08-21T12:16:21","guid":{"rendered":"http:\/\/www.sana.sy\/tr\/?p=7910"},"modified":"2014-08-21T15:16:21","modified_gmt":"2014-08-21T12:16:21","slug":"irakta-iside-karsi-operasyonlar-devam-ediyor","status":"publish","type":"post","link":"https:\/\/archive.sana.sy\/tr\/?p=7910","title":{"rendered":"Irak\u2019ta I\u015e\u0130D\u2019e Kar\u015f\u0131 Operasyonlar Devam Ediyor"},"content":{"rendered":"<p>BA\u011eDAT \u2013 Irak ordusu ve g\u00fcvenlik g\u00fc\u00e7leri Irak\u2019\u0131n muhtelif b\u00f6lgelerinde \u2018Irak ve \u015eam \u0130slami Devleti I\u015e\u0130D\u2019 ter\u00f6r \u00f6rg\u00fct\u00fcn\u00fc a\u011f\u0131r kay\u0131plara u\u011fratmaya devam ediyor.<\/p>\n<p>Irak Enformasyon \u015eebekesinin aktard\u0131\u011f\u0131 a\u00e7\u0131klamalar\u0131nda Irak Savunma Bakanl\u0131\u011f\u0131 hava savunma g\u00fc\u00e7lerinin Babil\u2019in bat\u0131s\u0131na d\u00fc\u015fen Fad\u0131liye B\u00f6lgesinde onlarca ter\u00f6risti bir\u00e7ok ara\u00e7la birlikte imha ettiklerini aktar\u0131rken, Enbar\u2019\u0131n bat\u0131s\u0131nda Bervana B\u00f6lgesinde 21 ter\u00f6ristin etkisiz hale getirildi\u011fini aktard\u0131.<\/p>\n<p>Diyali \u0130l Emniyet M\u00fcd\u00fcr\u00fc Cemil el \u015eommari; kendisine tabi g\u00fc\u00e7lerin I\u015e\u0130D\u2019in Mikdadiye B\u00f6lge lideri Kilan el Mikdadi ve iki yard\u0131mc\u0131s\u0131n\u0131 \u00f6ld\u00fcrd\u00fcklerini belirtti.<\/p>\n<p>\u015eommari I\u015e\u0130D ter\u00f6ristlerinin Irak g\u00fcvenlik g\u00fc\u00e7lerinin sert darbeleri neticesinde Musul \u0130linden toplu halde ka\u00e7maya ba\u015flad\u0131klar\u0131n\u0131 ifade etti.<\/p>\n<p>Musul a\u015firet \u015feyhlerinden \u015eeyh Muhammed Albuac hava g\u00fc\u00e7lerinin Musul B\u00f6lgesinde \u015fiddetli bombard\u0131manlar\u0131 nedeniyle b\u00f6lgede bulunan I\u015e\u0130D eleba\u015flar\u0131 ve ter\u00f6ristlerinin s\u0131n\u0131r b\u00f6lgesi Rabia \u00fczerinden Suriye topraklar\u0131na ka\u00e7t\u0131klar\u0131n\u0131 aktard\u0131.<\/p>\n","protected":false},"excerpt":{"rendered":"<p>BA\u011eDAT \u2013 Irak ordusu ve g\u00fcvenlik g\u00fc\u00e7leri Irak\u2019\u0131n muhtelif b\u00f6lgelerinde \u2018Irak ve \u015eam \u0130slami Devleti I\u015e\u0130D\u2019 ter\u00f6r \u00f6rg\u00fct\u00fcn\u00fc a\u011f\u0131r kay\u0131plara u\u011fratmaya devam ediyor. Irak Enformasyon \u015eebekesinin aktard\u0131\u011f\u0131 a\u00e7\u0131klamalar\u0131nda Irak Savunma Bakanl\u0131\u011f\u0131 hava savunma g\u00fc\u00e7lerinin Babil\u2019in bat\u0131s\u0131na d\u00fc\u015fen Fad\u0131liye B\u00f6lgesinde onlarca ter\u00f6risti bir\u00e7ok ara\u00e7la birlikte imha ettiklerini aktar\u0131rken, Enbar\u2019\u0131n bat\u0131s\u0131nda Bervana B\u00f6lgesinde 21 ter\u00f6ristin etkisiz hale &hellip;<\/p>\n","protected":false},"author":1,"featured_media":7911,"comment_status":"closed","ping_status":"closed","sticky":false,"template":"","format":"standard","meta":{"footnotes":""},"categories":[458,459,447],"tags":[1772],"class_list":["post-7910","post","type-post","status-publish","format-standard","has-post-thumbnail","","category-dunya1","category-haberler-arap-uluslararasi-politika","category-politika","tag-irakta-iside-karsi-operasyonlar-devam-ediyor"],"_links":{"self":[{"href":"https:\/\/archive.sana.sy\/tr\/index.php?rest_route=\/wp\/v2\/posts\/7910","targetHints":{"allow":["GET"]}}],"collection":[{"href":"https:\/\/archive.sana.sy\/tr\/index.php?rest_route=\/wp\/v2\/posts"}],"about":[{"href":"https:\/\/archive.sana.sy\/tr\/index.php?rest_route=\/wp\/v2\/types\/post"}],"author":[{"embeddable":true,"href":"https:\/\/archive.sana.sy\/tr\/index.php?rest_route=\/wp\/v2\/users\/1"}],"replies":[{"embeddable":true,"href":"https:\/\/archive.sana.sy\/tr\/index.php?rest_route=%2Fwp%2Fv2%2Fcomments&post=7910"}],"version-history":[{"count":0,"href":"https:\/\/archive.sana.sy\/tr\/index.php?rest_route=\/wp\/v2\/posts\/7910\/revisions"}],"wp:featuredmedia":[{"embeddable":true,"href":"https:\/\/archive.sana.sy\/tr\/index.php?rest_route=\/wp\/v2\/media\/7911"}],"wp:attachment":[{"href":"https:\/\/archive.sana.sy\/tr\/index.php?rest_route=%2Fwp%2Fv2%2Fmedia&parent=7910"}],"wp:term":[{"taxonomy":"category","embeddable":true,"href":"https:\/\/archive.sana.sy\/tr\/index.php?rest_route=%2Fwp%2Fv2%2Fcategories&post=7910"},{"taxonomy":"post_tag","embeddable":true,"href":"https:\/\/archive.sana.sy\/tr\/index.php?rest_route=%2Fwp%2Fv2%2Ftags&post=7910"}],"curies":[{"name":"wp","href":"https:\/\/api.w.org\/{rel}","templated":true}]}}