{"id":79199,"date":"2016-07-11T18:24:49","date_gmt":"2016-07-11T15:24:49","guid":{"rendered":"http:\/\/www.sana.sy\/tr\/?p=79199"},"modified":"2016-07-12T19:11:45","modified_gmt":"2016-07-12T16:11:45","slug":"yeni-kabine-esadin-huzurunda-yasal-andi-icti","status":"publish","type":"post","link":"https:\/\/archive.sana.sy\/tr\/?p=79199","title":{"rendered":"Yeni Kabine Esad\u2019\u0131n Huzurunda Yasal And\u0131 \u0130\u00e7ti"},"content":{"rendered":"<p>\u015eAM \u2013 \u0130mad Hamis ba\u015fkanl\u0131\u011f\u0131nda te\u015fkil edilen yeni kabine \u00fcyeleri bug\u00fcn Cumhurba\u015fkan\u0131 Be\u015f\u015far el Esad\u2019\u0131n huzurunda anayasal and\u0131 i\u00e7tiler.<\/p>\n<p><a href=\"http:\/\/www.sana.sy\/tr\/wp-content\/uploads\/2016\/07\/\u0623\u062f\u0627\u0621-\u0627\u0644\u064a\u0645\u064a\u0646-1.jpg\"><img loading=\"lazy\" decoding=\"async\" class=\"alignright wp-image-79144 size-medium\" src=\"http:\/\/www.sana.sy\/tr\/wp-content\/uploads\/2016\/07\/\u0623\u062f\u0627\u0621-\u0627\u0644\u064a\u0645\u064a\u0646-1-300x168.jpg\" alt=\"yeni kabine\" width=\"300\" height=\"168\" srcset=\"https:\/\/archive.sana.sy\/tr\/wp-content\/uploads\/2016\/07\/\u0623\u062f\u0627\u0621-\u0627\u0644\u064a\u0645\u064a\u0646-1-300x168.jpg 300w, https:\/\/archive.sana.sy\/tr\/wp-content\/uploads\/2016\/07\/\u0623\u062f\u0627\u0621-\u0627\u0644\u064a\u0645\u064a\u0646-1-150x84.jpg 150w, https:\/\/archive.sana.sy\/tr\/wp-content\/uploads\/2016\/07\/\u0623\u062f\u0627\u0621-\u0627\u0644\u064a\u0645\u064a\u0646-1.jpg 660w\" sizes=\"auto, (max-width: 300px) 100vw, 300px\" \/><\/a>Yasal yemin t\u00f6reni ard\u0131ndan yeni kabine ile toplnat\u0131 d\u00fczenleyen Cumhurba\u015fkan\u0131 el Esad; yurdumuzun tan\u0131k oldu\u011fu zor ko\u015fullar ve vatanda\u015flar\u0131n yeni kabineye teslim ettikleri emanetin b\u00fcy\u00fckl\u00fc\u011f\u00fcne dikkat \u00e7ekti. Bu ko\u015fullar ve b\u00fcy\u00fck emanetle yeni kabinenin sorumlulu\u011funun ikiye katland\u0131\u011f\u0131na vurgu yapan el Esad; bunun g\u00f6lgesinde vatanda\u015flar\u0131n ihtiya\u00e7lar\u0131n\u0131n kar\u015f\u0131lanmas\u0131 amac\u0131yla da \u00e7abalar\u0131n ikiye katlanmas\u0131 gere\u011finin alt\u0131n\u0131 \u00e7izdi. El Esad yeni s\u00fcrecin vatanda\u015flarla \u015feffaf olma gere\u011fine i\u015faret etti.<\/p>\n<p>Bakanl\u0131klarda olu\u015fturulacak \u00f6zel ofisler arac\u0131l\u0131\u011f\u0131 ile vatanda\u015flarla s\u0131k\u0131 temas i\u00e7inde olman\u0131n \u00f6nemini belirten el Esad; vatanda\u015flara yak\u0131n olmakla birlikte sorunlar\u0131n\u0131 dinleme ve onlara \u00e7\u00f6z\u00fcm bulma gere\u011fini ifade etti.El Esad saha \u00e7al\u0131\u015fmalar\u0131n\u0131n g\u00f6stermelik olmamas\u0131, fiili olarak etkin \u00e7al\u0131\u015fmalarda bulunma gere\u011fini belirtti.<\/p>\n<p>Bas\u0131n kurulu\u015flar\u0131 konusunda ise el Esad; medyan\u0131n h\u00fck\u00fcmetin s\u00f6zc\u00fcs\u00fc de\u011fil de vatanda\u015flar\u0131 ilgilendiren meseleleri objektif ve d\u00fcr\u00fcst bir \u015fekilde g\u00fcndeme getirmesi gerekti\u011fini belirtti.<\/p>\n<p><a href=\"http:\/\/www.sana.sy\/tr\/wp-content\/uploads\/2016\/07\/yeni-kabine-1.jpg\"><img loading=\"lazy\" decoding=\"async\" class=\"alignright wp-image-79201 \" src=\"http:\/\/www.sana.sy\/tr\/wp-content\/uploads\/2016\/07\/yeni-kabine-1-300x113.jpg\" alt=\"yeni kabine\" width=\"314\" height=\"118\" srcset=\"https:\/\/archive.sana.sy\/tr\/wp-content\/uploads\/2016\/07\/yeni-kabine-1-300x113.jpg 300w, https:\/\/archive.sana.sy\/tr\/wp-content\/uploads\/2016\/07\/yeni-kabine-1-150x56.jpg 150w, https:\/\/archive.sana.sy\/tr\/wp-content\/uploads\/2016\/07\/yeni-kabine-1-768x289.jpg 768w, https:\/\/archive.sana.sy\/tr\/wp-content\/uploads\/2016\/07\/yeni-kabine-1-1024x385.jpg 1024w\" sizes=\"auto, (max-width: 314px) 100vw, 314px\" \/><\/a>Vatanda\u015flar\u0131n ya\u015fam ko\u015fullar\u0131 ve ihtiya\u00e7lar\u0131n\u0131n kar\u015f\u0131lanmas\u0131n\u0131n kabinenin temel \u00f6nceli\u011fi ve ilgisi olmas\u0131 gere\u011finin alt\u0131n\u0131 \u00e7izen el Esad; etkin ve ilgili sivil toplum kurumlar\u0131yla i\u015fbirli\u011fi i\u00e7inde piyasalar\u0131n denetlenmesi ve fiyatlar\u0131n makul d\u00fczeyde tutulmas\u0131 \u00f6nemini belirtti. El Esad ulusal ekonomiye destek ama\u00e7l\u0131 olarak ihracat\u0131n desteklenmesi gere\u011fini ifade ederken, yerel \u00fcretimin geli\u015ftirilmesi, k\u00fc\u00e7\u00fck, orta ve t\u00fcm sanayi kurumlar\u0131n\u0131n ihtiya\u00e7lar\u0131n\u0131n kar\u015f\u0131lan\u0131p desteklenmesi gere\u011fini vurgulad\u0131.<\/p>\n<p>Ekonomi konusunda en \u00f6nemli dosyan\u0131n yeniden yap\u0131land\u0131rma s\u00fcreci oldu\u011funu belirten el Esad; bu s\u00fcrece ili\u015fkin projelere gereken \u00f6nemin verilmesi y\u00f6nlendirmelerinde bulundu.<\/p>\n<p><a href=\"http:\/\/www.sana.sy\/tr\/wp-content\/uploads\/2016\/07\/yeni-kabine-1-1.jpg\"><img loading=\"lazy\" decoding=\"async\" class=\"alignright wp-image-79202 size-medium\" src=\"http:\/\/www.sana.sy\/tr\/wp-content\/uploads\/2016\/07\/yeni-kabine-1-1-300x206.jpg\" alt=\"yeni kabine 1\" width=\"300\" height=\"206\" srcset=\"https:\/\/archive.sana.sy\/tr\/wp-content\/uploads\/2016\/07\/yeni-kabine-1-1-300x206.jpg 300w, https:\/\/archive.sana.sy\/tr\/wp-content\/uploads\/2016\/07\/yeni-kabine-1-1-150x103.jpg 150w, https:\/\/archive.sana.sy\/tr\/wp-content\/uploads\/2016\/07\/yeni-kabine-1-1-768x528.jpg 768w, https:\/\/archive.sana.sy\/tr\/wp-content\/uploads\/2016\/07\/yeni-kabine-1-1-1024x704.jpg 1024w, https:\/\/archive.sana.sy\/tr\/wp-content\/uploads\/2016\/07\/yeni-kabine-1-1-110x75.jpg 110w\" sizes=\"auto, (max-width: 300px) 100vw, 300px\" \/><\/a>Cumhurba\u015fkan\u0131 el Esad vatan ve vatanda\u015flar\u0131 ter\u00f6re kar\u015f\u0131 savunurlarken canlar\u0131n\u0131 ve kanlar\u0131n\u0131 feda eden \u015fehitlerimizin ailelerine ve yaral\u0131 kahramanlar\u0131m\u0131z\u0131n ihtiya\u00e7lar\u0131n\u0131 kar\u015f\u0131lama ve onlara destek olman\u0131n temel \u00f6nceliklerden biri olmas\u0131 gere\u011fini vurgulad\u0131. El Esad onur kayna\u011f\u0131m\u0131z bu ailelerin haklar\u0131n\u0131 garantileme ve en h\u0131zl\u0131 \u015fekilde temin etmenin ulusal bir sorumluluk oldu\u011funu belirtti.<\/p>\n<p>El Esad bakanl\u0131klar ile Halk Meclisi ve devletin di\u011fer kurumlar\u0131 aras\u0131nda i\u015fbrili\u011fi ama\u00e7l\u0131 etkin mekanizmalar \u00fcretme \u00f6nemine de dikkat \u00e7ekti.<\/p>\n<p>Suriye Arap Cumhuriyetinin yeni kabinesi ba\u015fkan\u0131 Hamis ve oturumda konu\u015fan di\u011fer bakanlar; mevcut ko\u015fullar\u0131n sorumluluk ve \u00e7abalar\u0131n\u0131 ikiye katlad\u0131\u011f\u0131n\u0131n fark\u0131nda olmalar\u0131yla bu zor ko\u015fullar\u0131 a\u015fmak i\u00e7in yo\u011fun \u00e7abalar harcama azminde olduklar\u0131n\u0131 ifade etti.<\/p>\n<div id='gallery-1' class='gallery galleryid-79199 gallery-columns-2 gallery-size-medium'><figure class='gallery-item'>\n\t\t\t<div class='gallery-icon landscape'>\n\t\t\t\t<a href='https:\/\/archive.sana.sy\/tr\/wp-content\/uploads\/2016\/07\/yeni-kabine-6.jpg'><img loading=\"lazy\" decoding=\"async\" width=\"300\" height=\"123\" src=\"https:\/\/archive.sana.sy\/tr\/wp-content\/uploads\/2016\/07\/yeni-kabine-6-300x123.jpg\" class=\"attachment-medium size-medium\" alt=\"\" srcset=\"https:\/\/archive.sana.sy\/tr\/wp-content\/uploads\/2016\/07\/yeni-kabine-6-300x123.jpg 300w, https:\/\/archive.sana.sy\/tr\/wp-content\/uploads\/2016\/07\/yeni-kabine-6-150x61.jpg 150w, https:\/\/archive.sana.sy\/tr\/wp-content\/uploads\/2016\/07\/yeni-kabine-6-768x314.jpg 768w, https:\/\/archive.sana.sy\/tr\/wp-content\/uploads\/2016\/07\/yeni-kabine-6-1024x418.jpg 1024w\" sizes=\"auto, (max-width: 300px) 100vw, 300px\" \/><\/a>\n\t\t\t<\/div><\/figure><figure class='gallery-item'>\n\t\t\t<div class='gallery-icon landscape'>\n\t\t\t\t<a href='https:\/\/archive.sana.sy\/tr\/wp-content\/uploads\/2016\/07\/yeni-kabine-2.jpg'><img loading=\"lazy\" decoding=\"async\" width=\"300\" height=\"162\" src=\"https:\/\/archive.sana.sy\/tr\/wp-content\/uploads\/2016\/07\/yeni-kabine-2-300x162.jpg\" class=\"attachment-medium size-medium\" alt=\"\" srcset=\"https:\/\/archive.sana.sy\/tr\/wp-content\/uploads\/2016\/07\/yeni-kabine-2-300x162.jpg 300w, https:\/\/archive.sana.sy\/tr\/wp-content\/uploads\/2016\/07\/yeni-kabine-2-150x81.jpg 150w, https:\/\/archive.sana.sy\/tr\/wp-content\/uploads\/2016\/07\/yeni-kabine-2-768x414.jpg 768w, https:\/\/archive.sana.sy\/tr\/wp-content\/uploads\/2016\/07\/yeni-kabine-2-1024x552.jpg 1024w\" sizes=\"auto, (max-width: 300px) 100vw, 300px\" \/><\/a>\n\t\t\t<\/div><\/figure><figure class='gallery-item'>\n\t\t\t<div class='gallery-icon landscape'>\n\t\t\t\t<a href='https:\/\/archive.sana.sy\/tr\/wp-content\/uploads\/2016\/07\/yeni-kabine-3.jpg'><img loading=\"lazy\" decoding=\"async\" width=\"300\" height=\"113\" src=\"https:\/\/archive.sana.sy\/tr\/wp-content\/uploads\/2016\/07\/yeni-kabine-3-300x113.jpg\" class=\"attachment-medium size-medium\" alt=\"\" srcset=\"https:\/\/archive.sana.sy\/tr\/wp-content\/uploads\/2016\/07\/yeni-kabine-3-300x113.jpg 300w, https:\/\/archive.sana.sy\/tr\/wp-content\/uploads\/2016\/07\/yeni-kabine-3-150x56.jpg 150w, https:\/\/archive.sana.sy\/tr\/wp-content\/uploads\/2016\/07\/yeni-kabine-3-768x289.jpg 768w, https:\/\/archive.sana.sy\/tr\/wp-content\/uploads\/2016\/07\/yeni-kabine-3-1024x385.jpg 1024w\" sizes=\"auto, (max-width: 300px) 100vw, 300px\" \/><\/a>\n\t\t\t<\/div><\/figure><figure class='gallery-item'>\n\t\t\t<div class='gallery-icon landscape'>\n\t\t\t\t<a href='https:\/\/archive.sana.sy\/tr\/wp-content\/uploads\/2016\/07\/yeni-kabine-4.jpg'><img loading=\"lazy\" decoding=\"async\" width=\"300\" height=\"74\" src=\"https:\/\/archive.sana.sy\/tr\/wp-content\/uploads\/2016\/07\/yeni-kabine-4-300x74.jpg\" class=\"attachment-medium size-medium\" alt=\"\" srcset=\"https:\/\/archive.sana.sy\/tr\/wp-content\/uploads\/2016\/07\/yeni-kabine-4-300x74.jpg 300w, https:\/\/archive.sana.sy\/tr\/wp-content\/uploads\/2016\/07\/yeni-kabine-4-150x37.jpg 150w, https:\/\/archive.sana.sy\/tr\/wp-content\/uploads\/2016\/07\/yeni-kabine-4-768x190.jpg 768w, https:\/\/archive.sana.sy\/tr\/wp-content\/uploads\/2016\/07\/yeni-kabine-4-1024x253.jpg 1024w\" sizes=\"auto, (max-width: 300px) 100vw, 300px\" \/><\/a>\n\t\t\t<\/div><\/figure>\n\t\t<\/div>\n\n","protected":false},"excerpt":{"rendered":"<p>\u015eAM \u2013 \u0130mad Hamis ba\u015fkanl\u0131\u011f\u0131nda te\u015fkil edilen yeni kabine \u00fcyeleri bug\u00fcn Cumhurba\u015fkan\u0131 Be\u015f\u015far el Esad\u2019\u0131n huzurunda anayasal and\u0131 i\u00e7tiler. Yasal yemin t\u00f6reni ard\u0131ndan yeni kabine ile toplnat\u0131 d\u00fczenleyen Cumhurba\u015fkan\u0131 el Esad; yurdumuzun tan\u0131k oldu\u011fu zor ko\u015fullar ve vatanda\u015flar\u0131n yeni kabineye teslim ettikleri emanetin b\u00fcy\u00fckl\u00fc\u011f\u00fcne dikkat \u00e7ekti. Bu ko\u015fullar ve b\u00fcy\u00fck emanetle yeni kabinenin sorumlulu\u011funun ikiye &hellip;<\/p>\n","protected":false},"author":1,"featured_media":79200,"comment_status":"closed","ping_status":"closed","sticky":false,"template":"","format":"standard","meta":{"footnotes":""},"categories":[608,479,605,17988,478],"tags":[],"class_list":["post-79199","post","type-post","status-publish","format-standard","has-post-thumbnail","","category-etkinlikler","category-haberler-yerel","category-sayin-cumhurbaskani","category-son-haberler","category-yerel"],"_links":{"self":[{"href":"https:\/\/archive.sana.sy\/tr\/index.php?rest_route=\/wp\/v2\/posts\/79199","targetHints":{"allow":["GET"]}}],"collection":[{"href":"https:\/\/archive.sana.sy\/tr\/index.php?rest_route=\/wp\/v2\/posts"}],"about":[{"href":"https:\/\/archive.sana.sy\/tr\/index.php?rest_route=\/wp\/v2\/types\/post"}],"author":[{"embeddable":true,"href":"https:\/\/archive.sana.sy\/tr\/index.php?rest_route=\/wp\/v2\/users\/1"}],"replies":[{"embeddable":true,"href":"https:\/\/archive.sana.sy\/tr\/index.php?rest_route=%2Fwp%2Fv2%2Fcomments&post=79199"}],"version-history":[{"count":0,"href":"https:\/\/archive.sana.sy\/tr\/index.php?rest_route=\/wp\/v2\/posts\/79199\/revisions"}],"wp:featuredmedia":[{"embeddable":true,"href":"https:\/\/archive.sana.sy\/tr\/index.php?rest_route=\/wp\/v2\/media\/79200"}],"wp:attachment":[{"href":"https:\/\/archive.sana.sy\/tr\/index.php?rest_route=%2Fwp%2Fv2%2Fmedia&parent=79199"}],"wp:term":[{"taxonomy":"category","embeddable":true,"href":"https:\/\/archive.sana.sy\/tr\/index.php?rest_route=%2Fwp%2Fv2%2Fcategories&post=79199"},{"taxonomy":"post_tag","embeddable":true,"href":"https:\/\/archive.sana.sy\/tr\/index.php?rest_route=%2Fwp%2Fv2%2Ftags&post=79199"}],"curies":[{"name":"wp","href":"https:\/\/api.w.org\/{rel}","templated":true}]}}