{"id":7920,"date":"2014-08-21T15:36:02","date_gmt":"2014-08-21T12:36:02","guid":{"rendered":"http:\/\/www.sana.sy\/tr\/?p=7920"},"modified":"2014-08-22T20:04:02","modified_gmt":"2014-08-22T17:04:02","slug":"gazilerimiz-onuruna-duzenlenen-torende-207-plaket-takdim-edildi","status":"publish","type":"post","link":"https:\/\/archive.sana.sy\/tr\/?p=7920","title":{"rendered":"Gazilerimiz Onuruna D\u00fczenlenen T\u00f6rende 207 Plaket Takdim Edildi"},"content":{"rendered":"<p>TARTUS \u2013 Baas Partisi Tartus Temsilcili\u011fi, bug\u00fcn Tartus Arap K\u00fclt\u00fcr Merkezinde gazilerimiz onuruna d\u00fczenledi\u011fi t\u00f6rende 207 kahraman gaziye takdir plaketi takdim edildi.<\/p>\n<p>Baas Partisi Tartus Temsilcili\u011fi Sekreteri \u011eassan Asaad t\u00f6rende yapt\u0131\u011f\u0131 konu\u015fmada kahraman \u015fehitlerimiz ve gazilerimizin vatan u\u011fruna g\u00f6sterdi\u011fi fedakarl\u0131klar\u0131n kutsal bir de\u011fer te\u015fkil etti\u011fini dile getirerek bu fedakarl\u0131klar\u0131n halk\u0131m\u0131zda b\u00fcy\u00fck bir minnet ve \u015f\u00fckranla kar\u015f\u0131land\u0131\u011f\u0131n\u0131 beyan etti.<\/p>\n<p>Kahraman birliklerimizin ter\u00f6rle m\u00fccadelede destan \u00fcst\u00fcne destan yazd\u0131klar\u0131na dikkat \u00e7eken Asaad; bu destanlar\u0131n kahramanlar\u0131 \u015fehitlerimiz ve gazilerimizin her zaman \u015feref ve onur sembol\u00fc olacaklar\u0131n\u0131 beyan etti.<\/p>\n<p>T\u00f6rene Tartus Valisi Nizar \u0130smail Musa ve Baas Partisi Tartus Temsilcili\u011finin \u00f6nde gelen isimlerinin yan\u0131 s\u0131ra halk temsilcileri de kat\u0131ld\u0131.<\/p>\n<div id='gallery-1' class='gallery galleryid-7920 gallery-columns-2 gallery-size-thumbnail'><figure class='gallery-item'>\n\t\t\t<div class='gallery-icon landscape'>\n\t\t\t\t<a href='https:\/\/archive.sana.sy\/tr\/wp-content\/uploads\/2014\/08\/\u015fehitlere-\u00f6d\u00fcl-t\u00f6reni-2.jpg'><img loading=\"lazy\" decoding=\"async\" width=\"150\" height=\"94\" src=\"https:\/\/archive.sana.sy\/tr\/wp-content\/uploads\/2014\/08\/\u015fehitlere-\u00f6d\u00fcl-t\u00f6reni-2-150x94.jpg\" class=\"attachment-thumbnail size-thumbnail\" alt=\"\" srcset=\"https:\/\/archive.sana.sy\/tr\/wp-content\/uploads\/2014\/08\/\u015fehitlere-\u00f6d\u00fcl-t\u00f6reni-2-150x94.jpg 150w, https:\/\/archive.sana.sy\/tr\/wp-content\/uploads\/2014\/08\/\u015fehitlere-\u00f6d\u00fcl-t\u00f6reni-2-300x188.jpg 300w, https:\/\/archive.sana.sy\/tr\/wp-content\/uploads\/2014\/08\/\u015fehitlere-\u00f6d\u00fcl-t\u00f6reni-2-1024x643.jpg 1024w\" sizes=\"auto, (max-width: 150px) 100vw, 150px\" \/><\/a>\n\t\t\t<\/div><\/figure><figure class='gallery-item'>\n\t\t\t<div class='gallery-icon landscape'>\n\t\t\t\t<a href='https:\/\/archive.sana.sy\/tr\/wp-content\/uploads\/2014\/08\/\u015fehitlere-\u00f6d\u00fcl-t\u00f6reni-4.jpg'><img loading=\"lazy\" decoding=\"async\" width=\"150\" height=\"98\" src=\"https:\/\/archive.sana.sy\/tr\/wp-content\/uploads\/2014\/08\/\u015fehitlere-\u00f6d\u00fcl-t\u00f6reni-4-150x98.jpg\" class=\"attachment-thumbnail size-thumbnail\" alt=\"\" srcset=\"https:\/\/archive.sana.sy\/tr\/wp-content\/uploads\/2014\/08\/\u015fehitlere-\u00f6d\u00fcl-t\u00f6reni-4-150x98.jpg 150w, https:\/\/archive.sana.sy\/tr\/wp-content\/uploads\/2014\/08\/\u015fehitlere-\u00f6d\u00fcl-t\u00f6reni-4-300x197.jpg 300w, https:\/\/archive.sana.sy\/tr\/wp-content\/uploads\/2014\/08\/\u015fehitlere-\u00f6d\u00fcl-t\u00f6reni-4-1024x673.jpg 1024w\" sizes=\"auto, (max-width: 150px) 100vw, 150px\" \/><\/a>\n\t\t\t<\/div><\/figure>\n\t\t<\/div>\n\n","protected":false},"excerpt":{"rendered":"<p>TARTUS \u2013 Baas Partisi Tartus Temsilcili\u011fi, bug\u00fcn Tartus Arap K\u00fclt\u00fcr Merkezinde gazilerimiz onuruna d\u00fczenledi\u011fi t\u00f6rende 207 kahraman gaziye takdir plaketi takdim edildi. Baas Partisi Tartus Temsilcili\u011fi Sekreteri \u011eassan Asaad t\u00f6rende yapt\u0131\u011f\u0131 konu\u015fmada kahraman \u015fehitlerimiz ve gazilerimizin vatan u\u011fruna g\u00f6sterdi\u011fi fedakarl\u0131klar\u0131n kutsal bir de\u011fer te\u015fkil etti\u011fini dile getirerek bu fedakarl\u0131klar\u0131n halk\u0131m\u0131zda b\u00fcy\u00fck bir minnet ve \u015f\u00fckranla &hellip;<\/p>\n","protected":false},"author":1,"featured_media":7921,"comment_status":"closed","ping_status":"closed","sticky":false,"template":"","format":"standard","meta":{"footnotes":""},"categories":[479,575,478],"tags":[1773],"class_list":["post-7920","post","type-post","status-publish","format-standard","has-post-thumbnail","","category-haberler-yerel","category-olaylar-ve-gercekler","category-yerel","tag-gazilerimiz-onuruna-duzenlenen-torende-207-plaket-takdim-edildi"],"_links":{"self":[{"href":"https:\/\/archive.sana.sy\/tr\/index.php?rest_route=\/wp\/v2\/posts\/7920","targetHints":{"allow":["GET"]}}],"collection":[{"href":"https:\/\/archive.sana.sy\/tr\/index.php?rest_route=\/wp\/v2\/posts"}],"about":[{"href":"https:\/\/archive.sana.sy\/tr\/index.php?rest_route=\/wp\/v2\/types\/post"}],"author":[{"embeddable":true,"href":"https:\/\/archive.sana.sy\/tr\/index.php?rest_route=\/wp\/v2\/users\/1"}],"replies":[{"embeddable":true,"href":"https:\/\/archive.sana.sy\/tr\/index.php?rest_route=%2Fwp%2Fv2%2Fcomments&post=7920"}],"version-history":[{"count":0,"href":"https:\/\/archive.sana.sy\/tr\/index.php?rest_route=\/wp\/v2\/posts\/7920\/revisions"}],"wp:featuredmedia":[{"embeddable":true,"href":"https:\/\/archive.sana.sy\/tr\/index.php?rest_route=\/wp\/v2\/media\/7921"}],"wp:attachment":[{"href":"https:\/\/archive.sana.sy\/tr\/index.php?rest_route=%2Fwp%2Fv2%2Fmedia&parent=7920"}],"wp:term":[{"taxonomy":"category","embeddable":true,"href":"https:\/\/archive.sana.sy\/tr\/index.php?rest_route=%2Fwp%2Fv2%2Fcategories&post=7920"},{"taxonomy":"post_tag","embeddable":true,"href":"https:\/\/archive.sana.sy\/tr\/index.php?rest_route=%2Fwp%2Fv2%2Ftags&post=7920"}],"curies":[{"name":"wp","href":"https:\/\/api.w.org\/{rel}","templated":true}]}}