{"id":79310,"date":"2016-07-12T17:27:11","date_gmt":"2016-07-12T14:27:11","guid":{"rendered":"http:\/\/www.sana.sy\/tr\/?p=79310"},"modified":"2016-07-12T17:29:22","modified_gmt":"2016-07-12T14:29:22","slug":"israil-destekli-teroristlerin-dera-kentinin-sivil-yerlesim-alanlarini-gelisiguzel-olarak-fuzelerle-hedef-almalariyla-1-sehit-12-yarali-dustu","status":"publish","type":"post","link":"https:\/\/archive.sana.sy\/tr\/?p=79310","title":{"rendered":"Ter\u00f6ristlerin Dera Kentinin sivil yerle\u015fim alanlar\u0131n\u0131 geli\u015fig\u00fczel olarak f\u00fczelerle hedef almalar\u0131yla 1 \u015fehit, 12 yaral\u0131 d\u00fc\u015ft\u00fc"},"content":{"rendered":"<p>Ter\u00f6ristlerin Dera Kentinin sivil yerle\u015fim alanlar\u0131n\u0131 geli\u015fig\u00fczel olarak f\u00fczelerle hedef almalar\u0131yla 1 \u015fehit, 12 yaral\u0131 d\u00fc\u015ft\u00fc<\/p>\n<p>https:\/\/www.youtube.com\/watch?v=uUjOgYYrT0w<\/p>\n","protected":false},"excerpt":{"rendered":"<p>Ter\u00f6ristlerin Dera Kentinin sivil yerle\u015fim alanlar\u0131n\u0131 geli\u015fig\u00fczel olarak f\u00fczelerle hedef almalar\u0131yla 1 \u015fehit, 12 yaral\u0131 d\u00fc\u015ft\u00fc https:\/\/www.youtube.com\/watch?v=uUjOgYYrT0w<\/p>\n","protected":false},"author":1,"featured_media":79320,"comment_status":"closed","ping_status":"closed","sticky":false,"template":"","format":"standard","meta":{"footnotes":""},"categories":[18295],"tags":[],"class_list":["post-79310","post","type-post","status-publish","format-standard","has-post-thumbnail","","category-sana-video"],"_links":{"self":[{"href":"https:\/\/archive.sana.sy\/tr\/index.php?rest_route=\/wp\/v2\/posts\/79310","targetHints":{"allow":["GET"]}}],"collection":[{"href":"https:\/\/archive.sana.sy\/tr\/index.php?rest_route=\/wp\/v2\/posts"}],"about":[{"href":"https:\/\/archive.sana.sy\/tr\/index.php?rest_route=\/wp\/v2\/types\/post"}],"author":[{"embeddable":true,"href":"https:\/\/archive.sana.sy\/tr\/index.php?rest_route=\/wp\/v2\/users\/1"}],"replies":[{"embeddable":true,"href":"https:\/\/archive.sana.sy\/tr\/index.php?rest_route=%2Fwp%2Fv2%2Fcomments&post=79310"}],"version-history":[{"count":0,"href":"https:\/\/archive.sana.sy\/tr\/index.php?rest_route=\/wp\/v2\/posts\/79310\/revisions"}],"wp:featuredmedia":[{"embeddable":true,"href":"https:\/\/archive.sana.sy\/tr\/index.php?rest_route=\/wp\/v2\/media\/79320"}],"wp:attachment":[{"href":"https:\/\/archive.sana.sy\/tr\/index.php?rest_route=%2Fwp%2Fv2%2Fmedia&parent=79310"}],"wp:term":[{"taxonomy":"category","embeddable":true,"href":"https:\/\/archive.sana.sy\/tr\/index.php?rest_route=%2Fwp%2Fv2%2Fcategories&post=79310"},{"taxonomy":"post_tag","embeddable":true,"href":"https:\/\/archive.sana.sy\/tr\/index.php?rest_route=%2Fwp%2Fv2%2Ftags&post=79310"}],"curies":[{"name":"wp","href":"https:\/\/api.w.org\/{rel}","templated":true}]}}