{"id":79413,"date":"2016-07-13T11:52:16","date_gmt":"2016-07-13T08:52:16","guid":{"rendered":"http:\/\/www.sana.sy\/tr\/?p=79413"},"modified":"2016-07-13T14:38:33","modified_gmt":"2016-07-13T11:38:33","slug":"rusya-baskanlik-sarayi-kremlin-rus-hava-guclerinin-iside-yonelik-yogun-hava-operasyonlarinin-rusyanin-terorle-mucadelesinin-bir-devami-oldugunu-belirtti","status":"publish","type":"post","link":"https:\/\/archive.sana.sy\/tr\/?p=79413","title":{"rendered":"Rusya Ba\u015fkanl\u0131k Saray\u0131 Kremlin; Rus hava g\u00fc\u00e7lerinin I\u015e\u0130D\u2019e y\u00f6nelik yo\u011fun hava operasyonlar\u0131n\u0131n, Rusya\u2019n\u0131n ter\u00f6rle m\u00fccadelesinin bir devam\u0131 oldu\u011funu belirtti"},"content":{"rendered":"<p>Rusya Ba\u015fkanl\u0131k Saray\u0131 Kremlin; Rus hava g\u00fc\u00e7lerinin I\u015e\u0130D\u2019e y\u00f6nelik yo\u011fun hava operasyonlar\u0131n\u0131n, Rusya\u2019n\u0131n ter\u00f6rle m\u00fccadelesinin bir devam\u0131 oldu\u011funu belirtti<\/p>\n","protected":false},"excerpt":{"rendered":"<p>Rusya Ba\u015fkanl\u0131k Saray\u0131 Kremlin; Rus hava g\u00fc\u00e7lerinin I\u015e\u0130D\u2019e y\u00f6nelik yo\u011fun hava operasyonlar\u0131n\u0131n, Rusya\u2019n\u0131n ter\u00f6rle m\u00fccadelesinin bir devam\u0131 oldu\u011funu belirtti<\/p>\n","protected":false},"author":1,"featured_media":0,"comment_status":"closed","ping_status":"closed","sticky":false,"template":"","format":"standard","meta":{"footnotes":""},"categories":[17991],"tags":[],"class_list":["post-79413","post","type-post","status-publish","format-standard","","category-son-dakika"],"_links":{"self":[{"href":"https:\/\/archive.sana.sy\/tr\/index.php?rest_route=\/wp\/v2\/posts\/79413","targetHints":{"allow":["GET"]}}],"collection":[{"href":"https:\/\/archive.sana.sy\/tr\/index.php?rest_route=\/wp\/v2\/posts"}],"about":[{"href":"https:\/\/archive.sana.sy\/tr\/index.php?rest_route=\/wp\/v2\/types\/post"}],"author":[{"embeddable":true,"href":"https:\/\/archive.sana.sy\/tr\/index.php?rest_route=\/wp\/v2\/users\/1"}],"replies":[{"embeddable":true,"href":"https:\/\/archive.sana.sy\/tr\/index.php?rest_route=%2Fwp%2Fv2%2Fcomments&post=79413"}],"version-history":[{"count":0,"href":"https:\/\/archive.sana.sy\/tr\/index.php?rest_route=\/wp\/v2\/posts\/79413\/revisions"}],"wp:attachment":[{"href":"https:\/\/archive.sana.sy\/tr\/index.php?rest_route=%2Fwp%2Fv2%2Fmedia&parent=79413"}],"wp:term":[{"taxonomy":"category","embeddable":true,"href":"https:\/\/archive.sana.sy\/tr\/index.php?rest_route=%2Fwp%2Fv2%2Fcategories&post=79413"},{"taxonomy":"post_tag","embeddable":true,"href":"https:\/\/archive.sana.sy\/tr\/index.php?rest_route=%2Fwp%2Fv2%2Ftags&post=79413"}],"curies":[{"name":"wp","href":"https:\/\/api.w.org\/{rel}","templated":true}]}}