{"id":79416,"date":"2016-07-13T12:02:49","date_gmt":"2016-07-13T09:02:49","guid":{"rendered":"http:\/\/www.sana.sy\/tr\/?p=79416"},"modified":"2016-07-13T14:39:41","modified_gmt":"2016-07-13T11:39:41","slug":"kremlin-rusya-federasyonu-baskani-vladimir-putinin-suriye-ve-ukraynadaki-krizlerin-yani-sira-ikili-iliskileri-gorusmek-uzere-yarin-abd-disisleri-bakani-john-kerryi-kabul-e","status":"publish","type":"post","link":"https:\/\/archive.sana.sy\/tr\/?p=79416","title":{"rendered":"Kremlin; Rusya Federasyonu Ba\u015fkan\u0131 Vladimir Putin\u2019in, Suriye ve Ukrayna\u2019daki krizlerin yan\u0131 s\u0131ra ikili ili\u015fkileri g\u00f6r\u00fc\u015fmek \u00fczere yar\u0131n ABD D\u0131\u015fi\u015fleri Bakan\u0131 John Kerry\u2019i kabul edece\u011fini ifade etti"},"content":{"rendered":"<p>Kremlin; Rusya Federasyonu Ba\u015fkan\u0131 Vladimir Putin\u2019in, Suriye ve Ukrayna\u2019daki krizlerin yan\u0131 s\u0131ra ikili ili\u015fkileri g\u00f6r\u00fc\u015fmek \u00fczere yar\u0131n ABD D\u0131\u015fi\u015fleri Bakan\u0131 John Kerry\u2019i kabul edece\u011fini ifade etti<\/p>\n","protected":false},"excerpt":{"rendered":"<p>Kremlin; Rusya Federasyonu Ba\u015fkan\u0131 Vladimir Putin\u2019in, Suriye ve Ukrayna\u2019daki krizlerin yan\u0131 s\u0131ra ikili ili\u015fkileri g\u00f6r\u00fc\u015fmek \u00fczere yar\u0131n ABD D\u0131\u015fi\u015fleri Bakan\u0131 John Kerry\u2019i kabul edece\u011fini ifade etti<\/p>\n","protected":false},"author":1,"featured_media":0,"comment_status":"closed","ping_status":"closed","sticky":false,"template":"","format":"standard","meta":{"footnotes":""},"categories":[17991],"tags":[],"class_list":["post-79416","post","type-post","status-publish","format-standard","","category-son-dakika"],"_links":{"self":[{"href":"https:\/\/archive.sana.sy\/tr\/index.php?rest_route=\/wp\/v2\/posts\/79416","targetHints":{"allow":["GET"]}}],"collection":[{"href":"https:\/\/archive.sana.sy\/tr\/index.php?rest_route=\/wp\/v2\/posts"}],"about":[{"href":"https:\/\/archive.sana.sy\/tr\/index.php?rest_route=\/wp\/v2\/types\/post"}],"author":[{"embeddable":true,"href":"https:\/\/archive.sana.sy\/tr\/index.php?rest_route=\/wp\/v2\/users\/1"}],"replies":[{"embeddable":true,"href":"https:\/\/archive.sana.sy\/tr\/index.php?rest_route=%2Fwp%2Fv2%2Fcomments&post=79416"}],"version-history":[{"count":0,"href":"https:\/\/archive.sana.sy\/tr\/index.php?rest_route=\/wp\/v2\/posts\/79416\/revisions"}],"wp:attachment":[{"href":"https:\/\/archive.sana.sy\/tr\/index.php?rest_route=%2Fwp%2Fv2%2Fmedia&parent=79416"}],"wp:term":[{"taxonomy":"category","embeddable":true,"href":"https:\/\/archive.sana.sy\/tr\/index.php?rest_route=%2Fwp%2Fv2%2Fcategories&post=79416"},{"taxonomy":"post_tag","embeddable":true,"href":"https:\/\/archive.sana.sy\/tr\/index.php?rest_route=%2Fwp%2Fv2%2Ftags&post=79416"}],"curies":[{"name":"wp","href":"https:\/\/api.w.org\/{rel}","templated":true}]}}