{"id":79418,"date":"2016-07-13T14:46:55","date_gmt":"2016-07-13T11:46:55","guid":{"rendered":"http:\/\/www.sana.sy\/tr\/?p=79418"},"modified":"2016-07-14T11:22:49","modified_gmt":"2016-07-14T08:22:49","slug":"teroristlerin-sivil-bolgelere-saldirilari-devam-ediyor","status":"publish","type":"post","link":"https:\/\/archive.sana.sy\/tr\/?p=79418","title":{"rendered":"Ter\u00f6ristlerin Sivil B\u00f6lgelere Sald\u0131r\u0131lar\u0131 Devam Ediyor"},"content":{"rendered":"<p>\u0130LLER \u2013 D\u0131\u015f g\u00fc\u00e7lerin deste\u011fi ve y\u00f6nlendirmeleriyle faaliyet g\u00f6steren ter\u00f6ristler \u00e7at\u0131\u015fmalar\u0131 durdurma anla\u015fmas\u0131 ve durumlar\u0131 yat\u0131\u015ft\u0131rma s\u00fcresine ihlallerini s\u00fcrd\u00fcrerek bug\u00fcn de savunmas\u0131z masum sivil insanlar\u0131n kurban gitti\u011fi sald\u0131r\u0131larda bulundular.<\/p>\n<p><span style=\"color: #0000ff\">HOMS:<\/span><\/p>\n<p>Homs Valili\u011finde bir kaynak SANA\u2019ya a\u00e7\u0131klamas\u0131nda; ter\u00f6ristlerin kentin sivil yerle\u015fim alanlar\u0131ndan Ermen Semtini iki f\u00fczeyle hedef ald\u0131klar\u0131n\u0131 belirtti. Kaynak hain geli\u015fig\u00fczel sald\u0131r\u0131da be\u015feri isabetlerin olmad\u0131\u011f\u0131n\u0131, fakat \u00f6zel ve kamu m\u00fclklerde maddi hasar\u0131n olu\u015ftu\u011funu s\u00f6yledi.<\/p>\n<p>Ter\u00f6r \u00e7etelerinin ayn\u0131 zamanda Muhacirin Semtine de f\u00fczelerle sald\u0131rd\u0131klar\u0131n\u0131 belirten kaynak, burada aralar\u0131nda \u00e7ocuk ve kad\u0131nlar\u0131n bulundu\u011fu 8 vatanda\u015f\u0131n yaraland\u0131\u011f\u0131n\u0131 aktard\u0131.<\/p>\n<p><span style=\"color: #0000ff\">\u0130DL\u0130B:<\/span><\/p>\n<p>\u0130dlib k\u0131rsal\u0131n\u0131n kuzeyinde Erdo\u011fan ve Al Suud rejimlerine tabi \u00e7okuluslu tekfirci ter\u00f6ristlerin s\u0131k\u0131 ablukas\u0131 alt\u0131nda iki y\u0131ldan fazla s\u00fcredir ya\u015fam m\u00fccadelesi veren Kefrayya Beldesinden yerel kaynaklar; Fetih Ordusu adl\u0131 ter\u00f6r \u00e7etelerinin bug\u00fcn beldelerine havan roketleri ile sald\u0131rmalar\u0131 sonucunda bir vatanda\u015f\u0131n \u015fehit d\u00fc\u015ft\u00fc\u011f\u00fcn\u00fc belirtti.<\/p>\n","protected":false},"excerpt":{"rendered":"<p>\u0130LLER \u2013 D\u0131\u015f g\u00fc\u00e7lerin deste\u011fi ve y\u00f6nlendirmeleriyle faaliyet g\u00f6steren ter\u00f6ristler \u00e7at\u0131\u015fmalar\u0131 durdurma anla\u015fmas\u0131 ve durumlar\u0131 yat\u0131\u015ft\u0131rma s\u00fcresine ihlallerini s\u00fcrd\u00fcrerek bug\u00fcn de savunmas\u0131z masum sivil insanlar\u0131n kurban gitti\u011fi sald\u0131r\u0131larda bulundular. HOMS: Homs Valili\u011finde bir kaynak SANA\u2019ya a\u00e7\u0131klamas\u0131nda; ter\u00f6ristlerin kentin sivil yerle\u015fim alanlar\u0131ndan Ermen Semtini iki f\u00fczeyle hedef ald\u0131klar\u0131n\u0131 belirtti. Kaynak hain geli\u015fig\u00fczel sald\u0131r\u0131da be\u015feri isabetlerin olmad\u0131\u011f\u0131n\u0131, &hellip;<\/p>\n","protected":false},"author":1,"featured_media":79421,"comment_status":"closed","ping_status":"closed","sticky":false,"template":"","format":"standard","meta":{"footnotes":""},"categories":[479,575,17988,478],"tags":[3464,17274,17273,15945,18347,18674,18174,19043,22182,19034],"class_list":["post-79418","post","type-post","status-publish","format-standard","has-post-thumbnail","","category-haberler-yerel","category-olaylar-ve-gercekler","category-son-haberler","category-yerel","tag-nusra-cephesi","tag-fuze-saldirisi","tag-havan-saldirisi","tag-ilimli-muhalifler","tag-oso","tag-silahli-muhalifler","tag-sivillere-saldiri","tag-suriyede-son-durum","tag-suriyede-savas","tag-suriyeli-muhalifler"],"_links":{"self":[{"href":"https:\/\/archive.sana.sy\/tr\/index.php?rest_route=\/wp\/v2\/posts\/79418","targetHints":{"allow":["GET"]}}],"collection":[{"href":"https:\/\/archive.sana.sy\/tr\/index.php?rest_route=\/wp\/v2\/posts"}],"about":[{"href":"https:\/\/archive.sana.sy\/tr\/index.php?rest_route=\/wp\/v2\/types\/post"}],"author":[{"embeddable":true,"href":"https:\/\/archive.sana.sy\/tr\/index.php?rest_route=\/wp\/v2\/users\/1"}],"replies":[{"embeddable":true,"href":"https:\/\/archive.sana.sy\/tr\/index.php?rest_route=%2Fwp%2Fv2%2Fcomments&post=79418"}],"version-history":[{"count":0,"href":"https:\/\/archive.sana.sy\/tr\/index.php?rest_route=\/wp\/v2\/posts\/79418\/revisions"}],"wp:featuredmedia":[{"embeddable":true,"href":"https:\/\/archive.sana.sy\/tr\/index.php?rest_route=\/wp\/v2\/media\/79421"}],"wp:attachment":[{"href":"https:\/\/archive.sana.sy\/tr\/index.php?rest_route=%2Fwp%2Fv2%2Fmedia&parent=79418"}],"wp:term":[{"taxonomy":"category","embeddable":true,"href":"https:\/\/archive.sana.sy\/tr\/index.php?rest_route=%2Fwp%2Fv2%2Fcategories&post=79418"},{"taxonomy":"post_tag","embeddable":true,"href":"https:\/\/archive.sana.sy\/tr\/index.php?rest_route=%2Fwp%2Fv2%2Ftags&post=79418"}],"curies":[{"name":"wp","href":"https:\/\/api.w.org\/{rel}","templated":true}]}}