{"id":7945,"date":"2014-08-21T16:06:37","date_gmt":"2014-08-21T13:06:37","guid":{"rendered":"http:\/\/www.sana.sy\/tr\/?p=7945"},"modified":"2014-08-21T16:06:37","modified_gmt":"2014-08-21T13:06:37","slug":"sivil-bolgelere-gaddar-saldirilari-devam-ediyor","status":"publish","type":"post","link":"https:\/\/archive.sana.sy\/tr\/?p=7945","title":{"rendered":"Sivil B\u00f6lgelere Gaddar Sald\u0131r\u0131lar\u0131 Devam Ediyor"},"content":{"rendered":"<p>\u015eAM \u2013 Ordu birliklerimizin darbeleri alt\u0131nda a\u011f\u0131r kay\u0131plar vermeye devam eden tekfirci ve hain ter\u00f6r \u00e7eteleri bug\u00fcn h\u0131n\u00e7lar\u0131n\u0131 almak i\u00e7in sivil b\u00f6lgelere hain ve k\u00f6r sald\u0131r\u0131lar\u0131n\u0131 s\u00fcrd\u00fcrd\u00fc.<\/p>\n<p>\u015eam Emniyet M\u00fcd\u00fcrl\u00fc\u011f\u00fcnde bir kaynak SANA\u2019ya a\u00e7\u0131klamas\u0131nda; ter\u00f6ristlerin f\u0131rlatt\u0131klar\u0131 bir havan mermisinin \u015eam\u2019\u0131n \u015eelan Semtinde Darusselam Okulunun arka kap\u0131s\u0131 kar\u015f\u0131s\u0131nda d\u00fc\u015ft\u00fc\u011f\u00fcn\u00fc belirtti. Kaynak hain sald\u0131r\u0131 sonucunda 6 vatanda\u015f\u0131n yaraland\u0131\u011f\u0131n\u0131, b\u00f6lgede bulunan ev ve ara\u00e7larda maddi hasar\u0131n olu\u015ftu\u011funu s\u00f6yledi.<\/p>\n","protected":false},"excerpt":{"rendered":"<p>\u015eAM \u2013 Ordu birliklerimizin darbeleri alt\u0131nda a\u011f\u0131r kay\u0131plar vermeye devam eden tekfirci ve hain ter\u00f6r \u00e7eteleri bug\u00fcn h\u0131n\u00e7lar\u0131n\u0131 almak i\u00e7in sivil b\u00f6lgelere hain ve k\u00f6r sald\u0131r\u0131lar\u0131n\u0131 s\u00fcrd\u00fcrd\u00fc. \u015eam Emniyet M\u00fcd\u00fcrl\u00fc\u011f\u00fcnde bir kaynak SANA\u2019ya a\u00e7\u0131klamas\u0131nda; ter\u00f6ristlerin f\u0131rlatt\u0131klar\u0131 bir havan mermisinin \u015eam\u2019\u0131n \u015eelan Semtinde Darusselam Okulunun arka kap\u0131s\u0131 kar\u015f\u0131s\u0131nda d\u00fc\u015ft\u00fc\u011f\u00fcn\u00fc belirtti. Kaynak hain sald\u0131r\u0131 sonucunda 6 vatanda\u015f\u0131n &hellip;<\/p>\n","protected":false},"author":1,"featured_media":7946,"comment_status":"closed","ping_status":"closed","sticky":false,"template":"","format":"standard","meta":{"footnotes":""},"categories":[479,575,478],"tags":[1775],"class_list":["post-7945","post","type-post","status-publish","format-standard","has-post-thumbnail","","category-haberler-yerel","category-olaylar-ve-gercekler","category-yerel","tag-sivil-bolgelere-gaddar-saldirilari-devam-ediyor"],"_links":{"self":[{"href":"https:\/\/archive.sana.sy\/tr\/index.php?rest_route=\/wp\/v2\/posts\/7945","targetHints":{"allow":["GET"]}}],"collection":[{"href":"https:\/\/archive.sana.sy\/tr\/index.php?rest_route=\/wp\/v2\/posts"}],"about":[{"href":"https:\/\/archive.sana.sy\/tr\/index.php?rest_route=\/wp\/v2\/types\/post"}],"author":[{"embeddable":true,"href":"https:\/\/archive.sana.sy\/tr\/index.php?rest_route=\/wp\/v2\/users\/1"}],"replies":[{"embeddable":true,"href":"https:\/\/archive.sana.sy\/tr\/index.php?rest_route=%2Fwp%2Fv2%2Fcomments&post=7945"}],"version-history":[{"count":0,"href":"https:\/\/archive.sana.sy\/tr\/index.php?rest_route=\/wp\/v2\/posts\/7945\/revisions"}],"wp:featuredmedia":[{"embeddable":true,"href":"https:\/\/archive.sana.sy\/tr\/index.php?rest_route=\/wp\/v2\/media\/7946"}],"wp:attachment":[{"href":"https:\/\/archive.sana.sy\/tr\/index.php?rest_route=%2Fwp%2Fv2%2Fmedia&parent=7945"}],"wp:term":[{"taxonomy":"category","embeddable":true,"href":"https:\/\/archive.sana.sy\/tr\/index.php?rest_route=%2Fwp%2Fv2%2Fcategories&post=7945"},{"taxonomy":"post_tag","embeddable":true,"href":"https:\/\/archive.sana.sy\/tr\/index.php?rest_route=%2Fwp%2Fv2%2Ftags&post=7945"}],"curies":[{"name":"wp","href":"https:\/\/api.w.org\/{rel}","templated":true}]}}