{"id":7948,"date":"2014-08-21T16:25:17","date_gmt":"2014-08-21T13:25:17","guid":{"rendered":"http:\/\/www.sana.sy\/tr\/?p=7948"},"modified":"2014-08-21T16:25:17","modified_gmt":"2014-08-21T13:25:17","slug":"haseke-iline-dagitilacak-insani-yardimlar-kamisliya-ulasti","status":"publish","type":"post","link":"https:\/\/archive.sana.sy\/tr\/?p=7948","title":{"rendered":"Haseke \u0130line Da\u011f\u0131t\u0131lacak \u0130nsani Yard\u0131mlar Kam\u0131\u015fl\u0131\u2019ya Ula\u015ft\u0131"},"content":{"rendered":"<p>HASEKE \u2013 Haseke iline tabi Kam\u0131\u015fl\u0131 Havaliman\u0131 son iki g\u00fcn i\u00e7inde Birle\u015fmi\u015f Milletlere tabi \u00c7ocuk Esirgeme \u00d6rg\u00fct\u00fc UNICEF\u2019in g\u00f6nderdi\u011fi insani yard\u0131m ta\u015f\u0131yan 2 u\u00e7a\u011f\u0131n ini\u015fine tan\u0131k oldu.<\/p>\n<p>D\u00fcnya G\u0131da Program\u0131n\u0131n denetimi alt\u0131nda D\u00f6rd\u00fcnc\u00fc Hava K\u00f6pr\u00fcs\u00fc \u00fczerinden havaliman\u0131na inen iki yeni u\u00e7akta t\u0131bbi yard\u0131m ve \u00e7ocuk g\u0131da \u00fcr\u00fcnlerinin bulundu\u011fu belirtilirken bu insani yard\u0131mlar\u0131n Haseke ilinde yoksul aileler ve muhtelif b\u00f6lgelerden ile tehcir edilen vatanda\u015flara da\u011f\u0131t\u0131laca\u011f\u0131 ifade edildi.<\/p>\n<p>D\u00fcnya G\u0131da Program\u0131 Kam\u0131\u015fl\u0131 Departman\u0131 ilk u\u00e7a\u011f\u0131n aileler i\u00e7in 1329 sa\u011fl\u0131k paketi ve \u00e7ocuklar i\u00e7in 1080 sa\u011fl\u0131k sepeti ta\u015f\u0131d\u0131\u011f\u0131n\u0131 belirtirken, ikinci u\u00e7a\u011f\u0131n da 3 bin \u00e7ocuk g\u0131da paketi, 900 sa\u011fl\u0131k paketi, 561 paket \u00e7ama\u015f\u0131r deterjan\u0131 ve 2 bin paket su ar\u0131tma tabletleri ta\u015f\u0131d\u0131\u011f\u0131n\u0131 a\u00e7\u0131klad\u0131.<\/p>\n<p>&nbsp;<\/p>\n","protected":false},"excerpt":{"rendered":"<p>HASEKE \u2013 Haseke iline tabi Kam\u0131\u015fl\u0131 Havaliman\u0131 son iki g\u00fcn i\u00e7inde Birle\u015fmi\u015f Milletlere tabi \u00c7ocuk Esirgeme \u00d6rg\u00fct\u00fc UNICEF\u2019in g\u00f6nderdi\u011fi insani yard\u0131m ta\u015f\u0131yan 2 u\u00e7a\u011f\u0131n ini\u015fine tan\u0131k oldu. D\u00fcnya G\u0131da Program\u0131n\u0131n denetimi alt\u0131nda D\u00f6rd\u00fcnc\u00fc Hava K\u00f6pr\u00fcs\u00fc \u00fczerinden havaliman\u0131na inen iki yeni u\u00e7akta t\u0131bbi yard\u0131m ve \u00e7ocuk g\u0131da \u00fcr\u00fcnlerinin bulundu\u011fu belirtilirken bu insani yard\u0131mlar\u0131n Haseke ilinde yoksul &hellip;<\/p>\n","protected":false},"author":1,"featured_media":7949,"comment_status":"closed","ping_status":"closed","sticky":false,"template":"","format":"standard","meta":{"footnotes":""},"categories":[479,478],"tags":[1776],"class_list":["post-7948","post","type-post","status-publish","format-standard","has-post-thumbnail","","category-haberler-yerel","category-yerel","tag-haseke-iline-dagitilacak-insani-yardimlar-kamisliya-ulasti"],"_links":{"self":[{"href":"https:\/\/archive.sana.sy\/tr\/index.php?rest_route=\/wp\/v2\/posts\/7948","targetHints":{"allow":["GET"]}}],"collection":[{"href":"https:\/\/archive.sana.sy\/tr\/index.php?rest_route=\/wp\/v2\/posts"}],"about":[{"href":"https:\/\/archive.sana.sy\/tr\/index.php?rest_route=\/wp\/v2\/types\/post"}],"author":[{"embeddable":true,"href":"https:\/\/archive.sana.sy\/tr\/index.php?rest_route=\/wp\/v2\/users\/1"}],"replies":[{"embeddable":true,"href":"https:\/\/archive.sana.sy\/tr\/index.php?rest_route=%2Fwp%2Fv2%2Fcomments&post=7948"}],"version-history":[{"count":0,"href":"https:\/\/archive.sana.sy\/tr\/index.php?rest_route=\/wp\/v2\/posts\/7948\/revisions"}],"wp:featuredmedia":[{"embeddable":true,"href":"https:\/\/archive.sana.sy\/tr\/index.php?rest_route=\/wp\/v2\/media\/7949"}],"wp:attachment":[{"href":"https:\/\/archive.sana.sy\/tr\/index.php?rest_route=%2Fwp%2Fv2%2Fmedia&parent=7948"}],"wp:term":[{"taxonomy":"category","embeddable":true,"href":"https:\/\/archive.sana.sy\/tr\/index.php?rest_route=%2Fwp%2Fv2%2Fcategories&post=7948"},{"taxonomy":"post_tag","embeddable":true,"href":"https:\/\/archive.sana.sy\/tr\/index.php?rest_route=%2Fwp%2Fv2%2Ftags&post=7948"}],"curies":[{"name":"wp","href":"https:\/\/api.w.org\/{rel}","templated":true}]}}