{"id":7951,"date":"2014-08-21T16:41:57","date_gmt":"2014-08-21T13:41:57","guid":{"rendered":"http:\/\/www.sana.sy\/tr\/?p=7951"},"modified":"2014-08-22T20:11:45","modified_gmt":"2014-08-22T17:11:45","slug":"askeri-kaynak-tabaka-havalimaninin-teroristlerin-eline-dustugu-haberleri-asilsizdir","status":"publish","type":"post","link":"https:\/\/archive.sana.sy\/tr\/?p=7951","title":{"rendered":"Askeri Kaynak: Tabaka Havaliman\u0131n\u0131n Ter\u00f6ristlerin Eline D\u00fc\u015ft\u00fc\u011f\u00fc Haberleri As\u0131ls\u0131zd\u0131r"},"content":{"rendered":"<p>\u015eAM \u2013 Askeri bir kaynak; kimi medya ara\u00e7lar\u0131n\u0131n, ter\u00f6ristlerin Rakka\u2019da Tabaka Askeri Havaliman\u0131na girdiklerine ili\u015fkin yaymaya \u00e7al\u0131\u015ft\u0131klar\u0131 haberlerin asl\u0131 ger\u00e7e\u011fi olmad\u0131\u011f\u0131n\u0131 belirtti.<\/p>\n<p>Kaynak bug\u00fcn yapt\u0131\u011f\u0131 a\u00e7\u0131klamada ordu birliklerimizin havaliman\u0131na yak\u0131n Uceyl Beldesi ve civar\u0131n\u0131 ter\u00f6ristlerden temizleyip kontrol\u00fcne ge\u00e7irdiklerini belirtti. Operasyonlarda olduk\u00e7a y\u00fcksek say\u0131da ter\u00f6ristin etkisiz halde ele ge\u00e7irildiklerini belirten kaynak; kulland\u0131klar\u0131 silah ve m\u00fchimmata da el konuldu\u011funu s\u00f6yledi.<\/p>\n","protected":false},"excerpt":{"rendered":"<p>\u015eAM \u2013 Askeri bir kaynak; kimi medya ara\u00e7lar\u0131n\u0131n, ter\u00f6ristlerin Rakka\u2019da Tabaka Askeri Havaliman\u0131na girdiklerine ili\u015fkin yaymaya \u00e7al\u0131\u015ft\u0131klar\u0131 haberlerin asl\u0131 ger\u00e7e\u011fi olmad\u0131\u011f\u0131n\u0131 belirtti. Kaynak bug\u00fcn yapt\u0131\u011f\u0131 a\u00e7\u0131klamada ordu birliklerimizin havaliman\u0131na yak\u0131n Uceyl Beldesi ve civar\u0131n\u0131 ter\u00f6ristlerden temizleyip kontrol\u00fcne ge\u00e7irdiklerini belirtti. Operasyonlarda olduk\u00e7a y\u00fcksek say\u0131da ter\u00f6ristin etkisiz halde ele ge\u00e7irildiklerini belirten kaynak; kulland\u0131klar\u0131 silah ve m\u00fchimmata da &hellip;<\/p>\n","protected":false},"author":1,"featured_media":7952,"comment_status":"closed","ping_status":"closed","sticky":false,"template":"","format":"standard","meta":{"footnotes":""},"categories":[575],"tags":[1777],"class_list":["post-7951","post","type-post","status-publish","format-standard","has-post-thumbnail","","category-olaylar-ve-gercekler","tag-askeri-kaynak-tabaka-havalimaninin-teroristlerin-eline-dustugu-haberleri-asilsizdir"],"_links":{"self":[{"href":"https:\/\/archive.sana.sy\/tr\/index.php?rest_route=\/wp\/v2\/posts\/7951","targetHints":{"allow":["GET"]}}],"collection":[{"href":"https:\/\/archive.sana.sy\/tr\/index.php?rest_route=\/wp\/v2\/posts"}],"about":[{"href":"https:\/\/archive.sana.sy\/tr\/index.php?rest_route=\/wp\/v2\/types\/post"}],"author":[{"embeddable":true,"href":"https:\/\/archive.sana.sy\/tr\/index.php?rest_route=\/wp\/v2\/users\/1"}],"replies":[{"embeddable":true,"href":"https:\/\/archive.sana.sy\/tr\/index.php?rest_route=%2Fwp%2Fv2%2Fcomments&post=7951"}],"version-history":[{"count":0,"href":"https:\/\/archive.sana.sy\/tr\/index.php?rest_route=\/wp\/v2\/posts\/7951\/revisions"}],"wp:featuredmedia":[{"embeddable":true,"href":"https:\/\/archive.sana.sy\/tr\/index.php?rest_route=\/wp\/v2\/media\/7952"}],"wp:attachment":[{"href":"https:\/\/archive.sana.sy\/tr\/index.php?rest_route=%2Fwp%2Fv2%2Fmedia&parent=7951"}],"wp:term":[{"taxonomy":"category","embeddable":true,"href":"https:\/\/archive.sana.sy\/tr\/index.php?rest_route=%2Fwp%2Fv2%2Fcategories&post=7951"},{"taxonomy":"post_tag","embeddable":true,"href":"https:\/\/archive.sana.sy\/tr\/index.php?rest_route=%2Fwp%2Fv2%2Ftags&post=7951"}],"curies":[{"name":"wp","href":"https:\/\/api.w.org\/{rel}","templated":true}]}}