{"id":7955,"date":"2014-08-21T20:44:15","date_gmt":"2014-08-21T17:44:15","guid":{"rendered":"http:\/\/www.sana.sy\/tr\/?p=7955"},"modified":"2014-08-21T20:44:15","modified_gmt":"2014-08-21T17:44:15","slug":"teror-suclari-karsisinda-susmak-utanc-kaynagidir","status":"publish","type":"post","link":"https:\/\/archive.sana.sy\/tr\/?p=7955","title":{"rendered":"Ter\u00f6r Su\u00e7lar\u0131 Kar\u015f\u0131s\u0131nda Susmak Utan\u00e7 Kayna\u011f\u0131d\u0131r"},"content":{"rendered":"<p>BEYRUT \u2013 L\u00fcbnan&#8217;da H\u0131ristiyan Az\u0131nl\u0131klar Konferans\u0131 ve K\u00fcrt Hay\u0131r Cemiyeti ter\u00f6r gruplar\u0131n\u0131n Ortado\u011fu b\u00f6lgesindeki ve \u00f6zellikle de Suriye ve Irak\u2019taki katliamlar\u0131n\u0131 \u015fiddetle k\u0131nad\u0131.<\/p>\n<p>Az\u0131nl\u0131klar Konferans\u0131 ve K\u00fcrt Hay\u0131r Cemiyeti bug\u00fcn d\u00fczenledikleri ortak toplant\u0131n\u0131n ard\u0131ndan Avrupa Birli\u011fi temsilcisine sunduklar\u0131 bildirgede; Uluslararas\u0131 toplumun yan\u0131 s\u0131ra sivil toplum, dini ve insan haklar\u0131 \u00f6rg\u00fctlerinden Ortado\u011fu b\u00f6lgesinde i\u015flenen ter\u00f6r su\u00e7lar\u0131na ili\u015fkin daha duyarl\u0131 tutum ve tepkiler g\u00f6stermesini talep ettiler.<\/p>\n<p>Ayr\u0131ca ter\u00f6re finans ve silah yard\u0131m\u0131 yapan devletlere kar\u015f\u0131 daha belirgin tepkiler g\u00f6sterilmesi gere\u011finin alt\u0131n\u0131n \u00e7izildi\u011fi bildirgede Suriye ve Irak\u2019ta ya\u015fanan olaylar\u0131n telafi edilemeyecek sonu\u00e7lar yaratt\u0131\u011f\u0131 vurguland\u0131.<\/p>\n<p>Ter\u00f6r su\u00e7lar\u0131yla m\u00fccadelenin mutlak ve ka\u00e7\u0131n\u0131lmaz bir sorumluluk oldu\u011funa dikkat \u00e7ekilen bildirgede; Suriye ve Irak\u2019ta i\u015flenmekte olan ter\u00f6r su\u00e7lar\u0131n\u0131n sadece uluslararas\u0131 sava\u015f su\u00e7u de\u011fil ayn\u0131 zamanda sessiz kalanlar i\u00e7in utan\u00e7 kayna\u011f\u0131 olmas\u0131 gereken bir insanl\u0131k su\u00e7u oldu\u011fu ibraz edildi.<\/p>\n","protected":false},"excerpt":{"rendered":"<p>BEYRUT \u2013 L\u00fcbnan&#8217;da H\u0131ristiyan Az\u0131nl\u0131klar Konferans\u0131 ve K\u00fcrt Hay\u0131r Cemiyeti ter\u00f6r gruplar\u0131n\u0131n Ortado\u011fu b\u00f6lgesindeki ve \u00f6zellikle de Suriye ve Irak\u2019taki katliamlar\u0131n\u0131 \u015fiddetle k\u0131nad\u0131. Az\u0131nl\u0131klar Konferans\u0131 ve K\u00fcrt Hay\u0131r Cemiyeti bug\u00fcn d\u00fczenledikleri ortak toplant\u0131n\u0131n ard\u0131ndan Avrupa Birli\u011fi temsilcisine sunduklar\u0131 bildirgede; Uluslararas\u0131 toplumun yan\u0131 s\u0131ra sivil toplum, dini ve insan haklar\u0131 \u00f6rg\u00fctlerinden Ortado\u011fu b\u00f6lgesinde i\u015flenen ter\u00f6r su\u00e7lar\u0131na &hellip;<\/p>\n","protected":false},"author":1,"featured_media":7956,"comment_status":"closed","ping_status":"closed","sticky":false,"template":"","format":"standard","meta":{"footnotes":""},"categories":[458,459,447],"tags":[1778],"class_list":["post-7955","post","type-post","status-publish","format-standard","has-post-thumbnail","","category-dunya1","category-haberler-arap-uluslararasi-politika","category-politika","tag-teror-suclari-karsisinda-susmak-utanc-kaynagidir"],"_links":{"self":[{"href":"https:\/\/archive.sana.sy\/tr\/index.php?rest_route=\/wp\/v2\/posts\/7955","targetHints":{"allow":["GET"]}}],"collection":[{"href":"https:\/\/archive.sana.sy\/tr\/index.php?rest_route=\/wp\/v2\/posts"}],"about":[{"href":"https:\/\/archive.sana.sy\/tr\/index.php?rest_route=\/wp\/v2\/types\/post"}],"author":[{"embeddable":true,"href":"https:\/\/archive.sana.sy\/tr\/index.php?rest_route=\/wp\/v2\/users\/1"}],"replies":[{"embeddable":true,"href":"https:\/\/archive.sana.sy\/tr\/index.php?rest_route=%2Fwp%2Fv2%2Fcomments&post=7955"}],"version-history":[{"count":0,"href":"https:\/\/archive.sana.sy\/tr\/index.php?rest_route=\/wp\/v2\/posts\/7955\/revisions"}],"wp:featuredmedia":[{"embeddable":true,"href":"https:\/\/archive.sana.sy\/tr\/index.php?rest_route=\/wp\/v2\/media\/7956"}],"wp:attachment":[{"href":"https:\/\/archive.sana.sy\/tr\/index.php?rest_route=%2Fwp%2Fv2%2Fmedia&parent=7955"}],"wp:term":[{"taxonomy":"category","embeddable":true,"href":"https:\/\/archive.sana.sy\/tr\/index.php?rest_route=%2Fwp%2Fv2%2Fcategories&post=7955"},{"taxonomy":"post_tag","embeddable":true,"href":"https:\/\/archive.sana.sy\/tr\/index.php?rest_route=%2Fwp%2Fv2%2Ftags&post=7955"}],"curies":[{"name":"wp","href":"https:\/\/api.w.org\/{rel}","templated":true}]}}