{"id":7958,"date":"2014-08-21T20:47:26","date_gmt":"2014-08-21T17:47:26","guid":{"rendered":"http:\/\/www.sana.sy\/tr\/?p=7958"},"modified":"2014-08-21T20:47:26","modified_gmt":"2014-08-21T17:47:26","slug":"ebu-sait-terore-yapilan-destegin-somut-kanitlari-bulunuyor","status":"publish","type":"post","link":"https:\/\/archive.sana.sy\/tr\/?p=7958","title":{"rendered":"Ebu Sait: Ter\u00f6re Yap\u0131lan Deste\u011fin Somut Kan\u0131tlar\u0131 Bulunuyor"},"content":{"rendered":"<p>BEYRUT \u2013 Uluslararas\u0131 Bar\u0131\u015f ve G\u00fcvenlik Parlamentosunda D\u0131\u015fi\u015fleri Bakan\u0131 Yard\u0131mc\u0131s\u0131 Heysem Ebu Sait; uluslararas\u0131 parlamentonun elinde, Ortado\u011fu b\u00f6lgesinde ter\u00f6r\u00fcn desteklendi\u011fini kan\u0131tlayan banka tahvil belgeleri bulundu\u011funu ifade etti.<\/p>\n<p>L\u00fcbnan\u2019da yay\u0131nlanan el Bina Gazetesinde r\u00f6portaj\u0131 yay\u0131nlanan Ebu Sait; T\u00fcrkiye, Katar, Suudi Arabistan ve \u0130srail\u2019in ter\u00f6r\u00fc destekledi\u011fine dikkat \u00e7ekerek bunu kan\u0131tlayacak yaz\u0131l\u0131, g\u00f6rsel ve canl\u0131 kan\u0131tlar bulundu\u011funu beyan etti.<\/p>\n<p>Ebu Sait; ter\u00f6r sald\u0131r\u0131lar\u0131na maruz kalan devletlerin uluslararas\u0131 parlamentodan, uluslararas\u0131 ilgili kurumlara ve uluslararas\u0131 mahkemelere \u015fikayet ve bu \u015fikayeti destekleyecek kan\u0131tlar\u0131 sunmas\u0131n\u0131 defalarca resmi olarak talep ettiklerini aktard\u0131.<\/p>\n<p>\u0130srail7in ter\u00f6r\u00fc destekledi\u011finin belgelerle kan\u0131tlam\u0131\u015f bir durum oldu\u011funun alt\u0131n\u0131 \u00e7izen Ebu Sait; silahl\u0131 ter\u00f6r gruplar\u0131n\u0131n sald\u0131r\u0131lar\u0131nda askeri komutanl\u0131k yapan \u0130srailli askerler bulundu\u011funa dair canl\u0131 itiraflar bulundu\u011funu vurgulad\u0131.<\/p>\n","protected":false},"excerpt":{"rendered":"<p>BEYRUT \u2013 Uluslararas\u0131 Bar\u0131\u015f ve G\u00fcvenlik Parlamentosunda D\u0131\u015fi\u015fleri Bakan\u0131 Yard\u0131mc\u0131s\u0131 Heysem Ebu Sait; uluslararas\u0131 parlamentonun elinde, Ortado\u011fu b\u00f6lgesinde ter\u00f6r\u00fcn desteklendi\u011fini kan\u0131tlayan banka tahvil belgeleri bulundu\u011funu ifade etti. L\u00fcbnan\u2019da yay\u0131nlanan el Bina Gazetesinde r\u00f6portaj\u0131 yay\u0131nlanan Ebu Sait; T\u00fcrkiye, Katar, Suudi Arabistan ve \u0130srail\u2019in ter\u00f6r\u00fc destekledi\u011fine dikkat \u00e7ekerek bunu kan\u0131tlayacak yaz\u0131l\u0131, g\u00f6rsel ve canl\u0131 kan\u0131tlar bulundu\u011funu beyan &hellip;<\/p>\n","protected":false},"author":1,"featured_media":7959,"comment_status":"closed","ping_status":"closed","sticky":false,"template":"","format":"standard","meta":{"footnotes":""},"categories":[458,459,447],"tags":[1779],"class_list":["post-7958","post","type-post","status-publish","format-standard","has-post-thumbnail","","category-dunya1","category-haberler-arap-uluslararasi-politika","category-politika","tag-ebu-sait-terore-yapilan-destegin-somut-kanitlari-bulunuyor"],"_links":{"self":[{"href":"https:\/\/archive.sana.sy\/tr\/index.php?rest_route=\/wp\/v2\/posts\/7958","targetHints":{"allow":["GET"]}}],"collection":[{"href":"https:\/\/archive.sana.sy\/tr\/index.php?rest_route=\/wp\/v2\/posts"}],"about":[{"href":"https:\/\/archive.sana.sy\/tr\/index.php?rest_route=\/wp\/v2\/types\/post"}],"author":[{"embeddable":true,"href":"https:\/\/archive.sana.sy\/tr\/index.php?rest_route=\/wp\/v2\/users\/1"}],"replies":[{"embeddable":true,"href":"https:\/\/archive.sana.sy\/tr\/index.php?rest_route=%2Fwp%2Fv2%2Fcomments&post=7958"}],"version-history":[{"count":0,"href":"https:\/\/archive.sana.sy\/tr\/index.php?rest_route=\/wp\/v2\/posts\/7958\/revisions"}],"wp:featuredmedia":[{"embeddable":true,"href":"https:\/\/archive.sana.sy\/tr\/index.php?rest_route=\/wp\/v2\/media\/7959"}],"wp:attachment":[{"href":"https:\/\/archive.sana.sy\/tr\/index.php?rest_route=%2Fwp%2Fv2%2Fmedia&parent=7958"}],"wp:term":[{"taxonomy":"category","embeddable":true,"href":"https:\/\/archive.sana.sy\/tr\/index.php?rest_route=%2Fwp%2Fv2%2Fcategories&post=7958"},{"taxonomy":"post_tag","embeddable":true,"href":"https:\/\/archive.sana.sy\/tr\/index.php?rest_route=%2Fwp%2Fv2%2Ftags&post=7958"}],"curies":[{"name":"wp","href":"https:\/\/api.w.org\/{rel}","templated":true}]}}