{"id":79592,"date":"2016-07-15T15:54:43","date_gmt":"2016-07-15T12:54:43","guid":{"rendered":"http:\/\/www.sana.sy\/tr\/?p=79592"},"modified":"2016-07-18T16:51:18","modified_gmt":"2016-07-18T13:51:18","slug":"silahlarini-ve-bircok-cesedi-arkalarinda-birakarak-kactilar","status":"publish","type":"post","link":"https:\/\/archive.sana.sy\/tr\/?p=79592","title":{"rendered":"Silahlar\u0131n\u0131 ve Bir\u00e7ok Cesedi Arkalar\u0131nda B\u0131rakarak Ka\u00e7t\u0131lar"},"content":{"rendered":"<p>S\u00dcVEYDA \u2013 Ordu birliklerimiz bug\u00fcn sabah erken saatlerde S\u00fcveyda k\u0131rsal\u0131n\u0131n g\u00fcneybat\u0131s\u0131nda Dera il idari s\u0131n\u0131rlar\u0131na yak\u0131n d\u00fc\u015fen Mceymid ve Berd k\u00f6ylerinde Kaide \u00d6rg\u00fct\u00fcn\u00fcn Suriye kolu Nusra Cephesi ve \u00e7at\u0131s\u0131 alt\u0131ndaki ter\u00f6r \u00e7etelerinin b\u00f6lgede askeri noktalara gaddar sald\u0131r\u0131lar\u0131n\u0131 \u00e7\u00f6kertti.<\/p>\n<p>Saha kaynaklar\u0131 \u0130srail&#8217;den destek alan ve Suudi Arabistan\u2019dan finans temin eden tekfirci ter\u00f6ristlerle ya\u015fanan \u015fiddetli \u00e7at\u0131\u015fmalarda sald\u0131rganlar\u0131n bir\u00e7o\u011funun \u00f6ld\u00fcr\u00fcld\u00fc\u011f\u00fcn\u00fc aktard\u0131. Kaynak SANA\u2019ya a\u00e7\u0131klamas\u0131nda Dera k\u0131rsal\u0131n\u0131n Busra el \u015eam ve Cemrin b\u00f6lgelerinden Zeydi Vadisi \u00fczerinden s\u0131zan tekfirci ter\u00f6ristlerin a\u011f\u0131r kay\u0131plar ard\u0131ndan ka\u00e7arken arkalar\u0131nda \u00f6len ter\u00f6ristlerin cesetleri ve silahlar\u0131n\u0131 b\u0131rakt\u0131klar\u0131na dikkat \u00e7ekti.<\/p>\n<p>Kaynak \u00f6ld\u00fcr\u00fclen ter\u00f6ristlerin aras\u0131nda b\u00f6lgede iyi tan\u0131nan tehlikeli isimlerin bulundu\u011funu belirtti.<\/p>\n","protected":false},"excerpt":{"rendered":"<p>S\u00dcVEYDA \u2013 Ordu birliklerimiz bug\u00fcn sabah erken saatlerde S\u00fcveyda k\u0131rsal\u0131n\u0131n g\u00fcneybat\u0131s\u0131nda Dera il idari s\u0131n\u0131rlar\u0131na yak\u0131n d\u00fc\u015fen Mceymid ve Berd k\u00f6ylerinde Kaide \u00d6rg\u00fct\u00fcn\u00fcn Suriye kolu Nusra Cephesi ve \u00e7at\u0131s\u0131 alt\u0131ndaki ter\u00f6r \u00e7etelerinin b\u00f6lgede askeri noktalara gaddar sald\u0131r\u0131lar\u0131n\u0131 \u00e7\u00f6kertti. Saha kaynaklar\u0131 \u0130srail&#8217;den destek alan ve Suudi Arabistan\u2019dan finans temin eden tekfirci ter\u00f6ristlerle ya\u015fanan \u015fiddetli \u00e7at\u0131\u015fmalarda sald\u0131rganlar\u0131n &hellip;<\/p>\n","protected":false},"author":1,"featured_media":79609,"comment_status":"closed","ping_status":"closed","sticky":false,"template":"","format":"standard","meta":{"footnotes":""},"categories":[575,17988],"tags":[22419,22420],"class_list":["post-79592","post","type-post","status-publish","format-standard","has-post-thumbnail","","category-olaylar-ve-gercekler","category-son-haberler","tag-silahlarini-ve-bircok-cesedi-arkalarinda-birakarak-kactilar","tag-teror-cetelerinin-bolgede-askeri-noktalara-gaddar-saldirilari"],"_links":{"self":[{"href":"https:\/\/archive.sana.sy\/tr\/index.php?rest_route=\/wp\/v2\/posts\/79592","targetHints":{"allow":["GET"]}}],"collection":[{"href":"https:\/\/archive.sana.sy\/tr\/index.php?rest_route=\/wp\/v2\/posts"}],"about":[{"href":"https:\/\/archive.sana.sy\/tr\/index.php?rest_route=\/wp\/v2\/types\/post"}],"author":[{"embeddable":true,"href":"https:\/\/archive.sana.sy\/tr\/index.php?rest_route=\/wp\/v2\/users\/1"}],"replies":[{"embeddable":true,"href":"https:\/\/archive.sana.sy\/tr\/index.php?rest_route=%2Fwp%2Fv2%2Fcomments&post=79592"}],"version-history":[{"count":0,"href":"https:\/\/archive.sana.sy\/tr\/index.php?rest_route=\/wp\/v2\/posts\/79592\/revisions"}],"wp:featuredmedia":[{"embeddable":true,"href":"https:\/\/archive.sana.sy\/tr\/index.php?rest_route=\/wp\/v2\/media\/79609"}],"wp:attachment":[{"href":"https:\/\/archive.sana.sy\/tr\/index.php?rest_route=%2Fwp%2Fv2%2Fmedia&parent=79592"}],"wp:term":[{"taxonomy":"category","embeddable":true,"href":"https:\/\/archive.sana.sy\/tr\/index.php?rest_route=%2Fwp%2Fv2%2Fcategories&post=79592"},{"taxonomy":"post_tag","embeddable":true,"href":"https:\/\/archive.sana.sy\/tr\/index.php?rest_route=%2Fwp%2Fv2%2Ftags&post=79592"}],"curies":[{"name":"wp","href":"https:\/\/api.w.org\/{rel}","templated":true}]}}