{"id":7961,"date":"2014-08-21T21:02:42","date_gmt":"2014-08-21T18:02:42","guid":{"rendered":"http:\/\/www.sana.sy\/tr\/?p=7961"},"modified":"2014-08-21T21:02:42","modified_gmt":"2014-08-21T18:02:42","slug":"halepli-sanatcilardan-umut-sergisi","status":"publish","type":"post","link":"https:\/\/archive.sana.sy\/tr\/?p=7961","title":{"rendered":"Halepli Sanat\u00e7\u0131lardan Umut Sergisi"},"content":{"rendered":"<p>HALEP \u2013 Art Grup bug\u00fcn Halep Kentindeki \u015eehba Otelinde Halep\u2019te Umut ba\u015fl\u0131\u011f\u0131 alt\u0131nda sanat sergisi d\u00fczenledi.<\/p>\n<p>Halep Valisi Muhammed Vahit Akkad\u2019\u0131n ziyaret etti\u011fi sergide heykelt\u0131ra\u015f, ah\u015fap oymac\u0131l\u0131\u011f\u0131, ya\u011fl\u0131boya resim tablolar\u0131, e\u015f i\u015flemeleri ve foto\u011fraflardan 60 eser yer ald\u0131.<\/p>\n<p>Sergide yer alan eserler ve bu serginin a\u00e7\u0131l\u0131\u015f\u0131nda harcanan \u00e7aban\u0131n takdire \u015fayan oldu\u011funu ifade eden Vali Akkad; eserlerde sanat ve yurtseverli\u011fin bariz oldu\u011funa dikkat \u00e7ekti.<\/p>\n<p>Sergi organizat\u00f6rlerinden sanat\u00e7\u0131 Ubeyda Kudsi; serginin Art Grubunun ilk etkinli\u011fi oldu\u011funu ifade ederken; Halep ve Haleplilerin vatana sevgilerini ifade etmek i\u00e7in ilk etkinliklerine Umut ad\u0131n\u0131 verdiklerini belirtti.<\/p>\n<p>Sanatseverlere \u00fc\u00e7 g\u00fcn boyunca a\u00e7\u0131k akalcak sergiye 20 sanat\u00e7\u0131 kat\u0131l\u0131yor.<\/p>\n","protected":false},"excerpt":{"rendered":"<p>HALEP \u2013 Art Grup bug\u00fcn Halep Kentindeki \u015eehba Otelinde Halep\u2019te Umut ba\u015fl\u0131\u011f\u0131 alt\u0131nda sanat sergisi d\u00fczenledi. Halep Valisi Muhammed Vahit Akkad\u2019\u0131n ziyaret etti\u011fi sergide heykelt\u0131ra\u015f, ah\u015fap oymac\u0131l\u0131\u011f\u0131, ya\u011fl\u0131boya resim tablolar\u0131, e\u015f i\u015flemeleri ve foto\u011fraflardan 60 eser yer ald\u0131. Sergide yer alan eserler ve bu serginin a\u00e7\u0131l\u0131\u015f\u0131nda harcanan \u00e7aban\u0131n takdire \u015fayan oldu\u011funu ifade eden Vali Akkad; &hellip;<\/p>\n","protected":false},"author":1,"featured_media":7962,"comment_status":"closed","ping_status":"closed","sticky":false,"template":"","format":"standard","meta":{"footnotes":""},"categories":[511,525],"tags":[1780],"class_list":["post-7961","post","type-post","status-publish","format-standard","has-post-thumbnail","","category-kultur-ve-sanat","category-toplum","tag-halepli-sanatcilardan-umut-sergisi"],"_links":{"self":[{"href":"https:\/\/archive.sana.sy\/tr\/index.php?rest_route=\/wp\/v2\/posts\/7961","targetHints":{"allow":["GET"]}}],"collection":[{"href":"https:\/\/archive.sana.sy\/tr\/index.php?rest_route=\/wp\/v2\/posts"}],"about":[{"href":"https:\/\/archive.sana.sy\/tr\/index.php?rest_route=\/wp\/v2\/types\/post"}],"author":[{"embeddable":true,"href":"https:\/\/archive.sana.sy\/tr\/index.php?rest_route=\/wp\/v2\/users\/1"}],"replies":[{"embeddable":true,"href":"https:\/\/archive.sana.sy\/tr\/index.php?rest_route=%2Fwp%2Fv2%2Fcomments&post=7961"}],"version-history":[{"count":0,"href":"https:\/\/archive.sana.sy\/tr\/index.php?rest_route=\/wp\/v2\/posts\/7961\/revisions"}],"wp:featuredmedia":[{"embeddable":true,"href":"https:\/\/archive.sana.sy\/tr\/index.php?rest_route=\/wp\/v2\/media\/7962"}],"wp:attachment":[{"href":"https:\/\/archive.sana.sy\/tr\/index.php?rest_route=%2Fwp%2Fv2%2Fmedia&parent=7961"}],"wp:term":[{"taxonomy":"category","embeddable":true,"href":"https:\/\/archive.sana.sy\/tr\/index.php?rest_route=%2Fwp%2Fv2%2Fcategories&post=7961"},{"taxonomy":"post_tag","embeddable":true,"href":"https:\/\/archive.sana.sy\/tr\/index.php?rest_route=%2Fwp%2Fv2%2Ftags&post=7961"}],"curies":[{"name":"wp","href":"https:\/\/api.w.org\/{rel}","templated":true}]}}