{"id":79646,"date":"2016-07-16T16:31:58","date_gmt":"2016-07-16T13:31:58","guid":{"rendered":"http:\/\/www.sana.sy\/tr\/?p=79646"},"modified":"2016-07-17T14:25:58","modified_gmt":"2016-07-17T11:25:58","slug":"cokuluslu-tekfircilere-yonelik-operasyonlar-devam-ediyor","status":"publish","type":"post","link":"https:\/\/archive.sana.sy\/tr\/?p=79646","title":{"rendered":"\u00c7okuluslu Tekfircilere Y\u00f6nelik Operasyonlar Devam Ediyor"},"content":{"rendered":"<p>\u0130LLER \u2013 Ordu birliklerimiz \u00e7okuluslu tekfirci ve hain ter\u00f6ristlere y\u00f6nelik operasyonlar\u0131n\u0131 hava g\u00fc\u00e7lerimizin deste\u011finde s\u00fcrd\u00fcr\u00fcrlerken muhtelif b\u00f6lgelerden SANA\u2019ya a\u00e7\u0131klama yapan askeri kaynaklar operasyonlarda ter\u00f6ristlerin ciddi kay\u0131plara u\u011frat\u0131ld\u0131klar\u0131n\u0131 aktard\u0131.<\/p>\n<p><span style=\"color: #0000ff\">DEYREZZOR:<\/span><\/p>\n<p>Deyrezzor\u2019da I\u015e\u0130D\u2019e kar\u015f\u0131 operasyonlar\u0131n\u0131 s\u00fcrd\u00fcren ordu birliklerimizden askeri bir kaynak SANA\u2019ya a\u00e7\u0131klamas\u0131nda; hava g\u00fc\u00e7lerimizin il k\u0131rsal\u0131n\u0131n Almuhasan Kentinde I\u015e\u0130D\u2019in bir\u00e7ok karargah\u0131n\u0131 muhtevalar\u0131yla imha ettiklerini aktard\u0131.<\/p>\n<p>Kaynak hava operasyonlar\u0131nda I\u015e\u0130D\u2019in cephane depolar\u0131 olarak kulland\u0131klar\u0131 bir\u00e7ok karargah\u0131n imha edilmesiyle muhtelif t\u00fcr b\u00fcy\u00fck miktarda silah ve m\u00fchimmatla birlikte aralar\u0131nda bariz isimlerin bulundu\u011fu onlarca ter\u00f6ristin \u00f6ld\u00fcr\u00fcld\u00fc\u011f\u00fcn\u00fc s\u00f6yledi.<\/p>\n<p><span style=\"color: #0000ff\">HOMS:<\/span><\/p>\n<p>Homs k\u0131rsal\u0131n\u0131n do\u011fusunda I\u015e\u0130D\u2019e kar\u015f\u0131 operasyonlar\u0131n\u0131 s\u00fcrd\u00fcren ordu birliklerimizden askeri bir kaynak SANA\u2019ya a\u00e7\u0131klamas\u0131nda; hava g\u00fc\u00e7lerimizin \u015eair petrol sahas\u0131n\u0131n civar\u0131na ek olarak Tedmur Kentinin do\u011fusu ve g\u00fcneydo\u011fusunda I\u015e\u0130D\u2019in bir\u00e7ok karargah\u0131n\u0131 muhtevalar\u0131yla imha ettiklerini aktard\u0131.<\/p>\n<p>Tekfircilere ait bir\u00e7ok karargaha ek olarak bir k\u0131sm\u0131 a\u011f\u0131r silahlarla donat\u0131lm\u0131\u015f bir\u00e7ok arac\u0131n imha edildi\u011fi operasyonlar\u0131n hedefine ula\u015ft\u0131\u011f\u0131n\u0131 belirten kaynak; \u00f6ld\u00fcr\u00fclen \u00e7ok say\u0131da ter\u00f6ristler aras\u0131nda tehlikeli isimlerin bulundu\u011funu s\u00f6yledi.<\/p>\n<p>Ayn\u0131 kaynak ordu birliklerimizin yine Homs k\u0131rsal\u0131n\u0131n do\u011fusu Cebel el Abyad B\u00f6lgesinde I\u015e\u0130D mevkilerini hedef alan nitelikli operasyonlarda; I\u015e\u0130D\u2019in s\u00f6zde g\u00fcvenlik sorumlusu s\u0131fat\u0131yla bilinen K\u00fcveytli Arif Sveylim ve I\u015e\u0130D\u2019in Suhne B\u00f6lgesinin s\u00f6zde askeri sorumlusu Mervan Ebu Da\u011fmi\u015f adl\u0131 az\u0131l\u0131 ter\u00f6r eleba\u015flar\u0131n\u0131n aralar\u0131nda bulundu\u011fu \u00e7ok say\u0131da ter\u00f6ristin \u00f6ld\u00fcr\u00fcld\u00fc\u011f\u00fcn\u00fc ifade etti. Operasyonlarda ayr\u0131ca tekfircilere ait 2 tank ve a\u011f\u0131r silahla donat\u0131lm\u0131\u015f 4X+ \u00e7eker 5 arac\u0131n imha edildi\u011fini aktaran kaynak; bir yak\u0131t tankerinin de yok edildi\u011fini s\u00f6zlerine ekledi.<\/p>\n<p><span style=\"color: #0000ff\">DERA:<\/span><\/p>\n<p>Bu arada askeri kaynak Dera k\u0131rsal\u0131nda \u0130srail destekli Nusra Cephesinin Dera Mahatta B\u00f6lgesindeki toplanma yerleri ve hareketlenmelerinin ordu birliklerimiz taraf\u0131ndan nitelikli operasyonlarla hedef al\u0131nd\u0131klar\u0131n\u0131 belirtti.<\/p>\n<p>Operasyonlarda bir k\u0131sm\u0131 a\u011f\u0131r silahlarla donat\u0131lm\u0131\u015f bir\u00e7ok arac\u0131n yan\u0131 s\u0131ra siper ve savunma mevzilerinin imha edildi\u011fini aktaran kaynak; ayr\u0131ca \u00e7ok say\u0131da ter\u00f6ristin de \u00f6ld\u00fcr\u00fcld\u00fc\u011f\u00fcn\u00fc s\u00f6zlerine ekledi.<\/p>\n","protected":false},"excerpt":{"rendered":"<p>\u0130LLER \u2013 Ordu birliklerimiz \u00e7okuluslu tekfirci ve hain ter\u00f6ristlere y\u00f6nelik operasyonlar\u0131n\u0131 hava g\u00fc\u00e7lerimizin deste\u011finde s\u00fcrd\u00fcr\u00fcrlerken muhtelif b\u00f6lgelerden SANA\u2019ya a\u00e7\u0131klama yapan askeri kaynaklar operasyonlarda ter\u00f6ristlerin ciddi kay\u0131plara u\u011frat\u0131ld\u0131klar\u0131n\u0131 aktard\u0131. DEYREZZOR: Deyrezzor\u2019da I\u015e\u0130D\u2019e kar\u015f\u0131 operasyonlar\u0131n\u0131 s\u00fcrd\u00fcren ordu birliklerimizden askeri bir kaynak SANA\u2019ya a\u00e7\u0131klamas\u0131nda; hava g\u00fc\u00e7lerimizin il k\u0131rsal\u0131n\u0131n Almuhasan Kentinde I\u015e\u0130D\u2019in bir\u00e7ok karargah\u0131n\u0131 muhtevalar\u0131yla imha ettiklerini aktard\u0131. Kaynak &hellip;<\/p>\n","protected":false},"author":1,"featured_media":79647,"comment_status":"closed","ping_status":"closed","sticky":false,"template":"","format":"standard","meta":{"footnotes":""},"categories":[575],"tags":[3464,18365,18237,22445,18576,2318,15945,18347,18674,11549,19043,22182,19034,17320,7657],"class_list":["post-79646","post","type-post","status-publish","format-standard","has-post-thumbnail","","category-olaylar-ve-gercekler","tag-nusra-cephesi","tag-ahrar-el-sam","tag-cihatcilar","tag-cokuluslu-tekfircilere-yonelik-operasyonlar-devam-ediyor","tag-daes","tag-isid","tag-ilimli-muhalifler","tag-oso","tag-silahli-muhalifler","tag-suriye-ordusu","tag-suriyede-son-durum","tag-suriyede-savas","tag-suriyeli-muhalifler","tag-tekfirciler","tag-teror-orgutleri"],"_links":{"self":[{"href":"https:\/\/archive.sana.sy\/tr\/index.php?rest_route=\/wp\/v2\/posts\/79646","targetHints":{"allow":["GET"]}}],"collection":[{"href":"https:\/\/archive.sana.sy\/tr\/index.php?rest_route=\/wp\/v2\/posts"}],"about":[{"href":"https:\/\/archive.sana.sy\/tr\/index.php?rest_route=\/wp\/v2\/types\/post"}],"author":[{"embeddable":true,"href":"https:\/\/archive.sana.sy\/tr\/index.php?rest_route=\/wp\/v2\/users\/1"}],"replies":[{"embeddable":true,"href":"https:\/\/archive.sana.sy\/tr\/index.php?rest_route=%2Fwp%2Fv2%2Fcomments&post=79646"}],"version-history":[{"count":0,"href":"https:\/\/archive.sana.sy\/tr\/index.php?rest_route=\/wp\/v2\/posts\/79646\/revisions"}],"wp:featuredmedia":[{"embeddable":true,"href":"https:\/\/archive.sana.sy\/tr\/index.php?rest_route=\/wp\/v2\/media\/79647"}],"wp:attachment":[{"href":"https:\/\/archive.sana.sy\/tr\/index.php?rest_route=%2Fwp%2Fv2%2Fmedia&parent=79646"}],"wp:term":[{"taxonomy":"category","embeddable":true,"href":"https:\/\/archive.sana.sy\/tr\/index.php?rest_route=%2Fwp%2Fv2%2Fcategories&post=79646"},{"taxonomy":"post_tag","embeddable":true,"href":"https:\/\/archive.sana.sy\/tr\/index.php?rest_route=%2Fwp%2Fv2%2Ftags&post=79646"}],"curies":[{"name":"wp","href":"https:\/\/api.w.org\/{rel}","templated":true}]}}