{"id":79649,"date":"2016-07-16T12:30:39","date_gmt":"2016-07-16T09:30:39","guid":{"rendered":"http:\/\/www.sana.sy\/tr\/?p=79649"},"modified":"2016-07-18T16:50:00","modified_gmt":"2016-07-18T13:50:00","slug":"gelisiguzel-fuze-saldirilari-suruyor","status":"publish","type":"post","link":"https:\/\/archive.sana.sy\/tr\/?p=79649","title":{"rendered":"Geli\u015fig\u00fczel F\u00fcze Sald\u0131r\u0131lar\u0131 S\u00fcr\u00fcyor"},"content":{"rendered":"<p>HALEP \u2013 Belli ba\u015fl\u0131 d\u0131\u015f g\u00fc\u00e7lere tabi olarak \u00f6l\u00fcm ve y\u0131k\u0131m sa\u00e7an ter\u00f6r \u00f6rg\u00fctleri sivil b\u00f6lgeleri ve masum insanlar\u0131 geli\u015fig\u00fczel f\u00fcze sald\u0131r\u0131lar\u0131yla hedef almaya devam ediyorlar.<\/p>\n<p>Halep \u0130l Emniyet M\u00fcd\u00fcrl\u00fc\u011f\u00fcnde yetkili bir kaynak SANA\u2019ya a\u00e7\u0131klamas\u0131nda d\u0131\u015f g\u00fc\u00e7lere tabi tekfirci ter\u00f6ristlerin Halep Kentinin sivil b\u00f6lgelerinden Belediye Saray\u0131 civar\u0131 ve Sadullah el Cabiri Meydan\u0131na f\u00fczelerle sald\u0131rd\u0131klar\u0131n\u0131 aktard\u0131. Kaynak gaddar sald\u0131r\u0131larda 5 vatanda\u015f\u0131n yaraland\u0131\u011f\u0131n\u0131 belirtti.<\/p>\n<p>G\u00fcn\u00fcn ilerleyen saatlerinde SANA\u2019ya a\u00e7\u0131klama yapan kaynak, ter\u00f6ristlerin Halep Kentinin \u015eehba Semtini yine f\u00fczelerle hedef almalar\u0131 sonucunda 1 vatanda\u015f\u0131n \u015fehit, 4 vatanda\u015f\u0131n da yaral\u0131 d\u00fc\u015ft\u00fcklerini belirtti<\/p>\n","protected":false},"excerpt":{"rendered":"<p>HALEP \u2013 Belli ba\u015fl\u0131 d\u0131\u015f g\u00fc\u00e7lere tabi olarak \u00f6l\u00fcm ve y\u0131k\u0131m sa\u00e7an ter\u00f6r \u00f6rg\u00fctleri sivil b\u00f6lgeleri ve masum insanlar\u0131 geli\u015fig\u00fczel f\u00fcze sald\u0131r\u0131lar\u0131yla hedef almaya devam ediyorlar. Halep \u0130l Emniyet M\u00fcd\u00fcrl\u00fc\u011f\u00fcnde yetkili bir kaynak SANA\u2019ya a\u00e7\u0131klamas\u0131nda d\u0131\u015f g\u00fc\u00e7lere tabi tekfirci ter\u00f6ristlerin Halep Kentinin sivil b\u00f6lgelerinden Belediye Saray\u0131 civar\u0131 ve Sadullah el Cabiri Meydan\u0131na f\u00fczelerle sald\u0131rd\u0131klar\u0131n\u0131 aktard\u0131. &hellip;<\/p>\n","protected":false},"author":1,"featured_media":79651,"comment_status":"closed","ping_status":"closed","sticky":false,"template":"","format":"standard","meta":{"footnotes":""},"categories":[479,575,17988,478],"tags":[3464,18237,18576,17606,5010,2318,18723,18347,19043,22182,19034,17320],"class_list":["post-79649","post","type-post","status-publish","format-standard","has-post-thumbnail","","category-haberler-yerel","category-olaylar-ve-gercekler","category-son-haberler","category-yerel","tag-nusra-cephesi","tag-cihatcilar","tag-daes","tag-fuze-saldirilari","tag-havan-saldirilari","tag-isid","tag-muhalifler","tag-oso","tag-suriyede-son-durum","tag-suriyede-savas","tag-suriyeli-muhalifler","tag-tekfirciler"],"_links":{"self":[{"href":"https:\/\/archive.sana.sy\/tr\/index.php?rest_route=\/wp\/v2\/posts\/79649","targetHints":{"allow":["GET"]}}],"collection":[{"href":"https:\/\/archive.sana.sy\/tr\/index.php?rest_route=\/wp\/v2\/posts"}],"about":[{"href":"https:\/\/archive.sana.sy\/tr\/index.php?rest_route=\/wp\/v2\/types\/post"}],"author":[{"embeddable":true,"href":"https:\/\/archive.sana.sy\/tr\/index.php?rest_route=\/wp\/v2\/users\/1"}],"replies":[{"embeddable":true,"href":"https:\/\/archive.sana.sy\/tr\/index.php?rest_route=%2Fwp%2Fv2%2Fcomments&post=79649"}],"version-history":[{"count":0,"href":"https:\/\/archive.sana.sy\/tr\/index.php?rest_route=\/wp\/v2\/posts\/79649\/revisions"}],"wp:featuredmedia":[{"embeddable":true,"href":"https:\/\/archive.sana.sy\/tr\/index.php?rest_route=\/wp\/v2\/media\/79651"}],"wp:attachment":[{"href":"https:\/\/archive.sana.sy\/tr\/index.php?rest_route=%2Fwp%2Fv2%2Fmedia&parent=79649"}],"wp:term":[{"taxonomy":"category","embeddable":true,"href":"https:\/\/archive.sana.sy\/tr\/index.php?rest_route=%2Fwp%2Fv2%2Fcategories&post=79649"},{"taxonomy":"post_tag","embeddable":true,"href":"https:\/\/archive.sana.sy\/tr\/index.php?rest_route=%2Fwp%2Fv2%2Ftags&post=79649"}],"curies":[{"name":"wp","href":"https:\/\/api.w.org\/{rel}","templated":true}]}}