{"id":79660,"date":"2016-07-16T11:20:17","date_gmt":"2016-07-16T08:20:17","guid":{"rendered":"http:\/\/www.sana.sy\/tr\/?p=79660"},"modified":"2016-07-18T16:50:04","modified_gmt":"2016-07-18T13:50:04","slug":"ortak-hederlerimizin-bulundugu-abd-ile-anlastik","status":"publish","type":"post","link":"https:\/\/archive.sana.sy\/tr\/?p=79660","title":{"rendered":"Ortak Hederlerimizin Bulundu\u011fu ABD ile Anla\u015ft\u0131k"},"content":{"rendered":"<p>MOSKOVA \u2013 Rusya D\u0131\u015fi\u015fleri Bakan\u0131 Sergey Lavrov; Rusya ve ABD\u2019nin Suriye&#8217;de I\u015e\u0130D ve Nusra Cephesine kar\u015f\u0131 sava\u015f\u0131 aral\u0131ks\u0131z bir \u015fekilde s\u00fcrd\u00fcrmekle birlikte krize siyasi \u00e7\u00f6z\u00fcm sa\u011flama amac\u0131yla Suriyeliler aras\u0131ndaki diyalog g\u00f6r\u00fc\u015fmelerinin devam etmesi i\u00e7in m\u00fcmk\u00fcn olan her gayreti g\u00f6sterme \u00fczerine anla\u015ft\u0131klar\u0131n\u0131 ilan etti.<\/p>\n<p>ABD\u2019li Mevkida\u015f\u0131 John Kerry ile bug\u00fcn Moskova&#8217;da bas\u0131n toplant\u0131s\u0131 d\u00fczenleyen Lavrov; Moskova ve Washington\u2019un ortak hedefinin, I\u015e\u0130D ve Nusra Cephesi hari\u00e7 Suriye&#8217;nin istisnas\u0131z tamam\u0131nda uzun s\u00fcre\u00e7li olarak \u00e7at\u0131\u015fmalar\u0131n durdurulmas\u0131n\u0131 sa\u011flamak oldu\u011funu belirtti.<\/p>\n<p>Lavrov Kerry ile g\u00f6r\u00fc\u015fmeleri \u2018olduk\u00e7a yo\u011fun\u2019 olarak nitelendirirken iki \u00fclke aras\u0131ndaki ili\u015fkilerin bir k\u0131s\u0131m yanlar\u0131na ilaveten Suriye&#8217;deki kriz \u00fczerine odakland\u0131\u011f\u0131n\u0131 a\u00e7\u0131klad\u0131.<\/p>\n<p>Putin\u2019in yan\u0131nda Kerry ile yap\u0131lan g\u00f6r\u00fc\u015fmelerde Uluslararas\u0131 Suriye&#8217;ye Destek Grubu ve BMGK\u2019nin ilgili kararlar\u0131n\u0131n hayata ge\u00e7irilmesi amac\u0131yla iki \u00fclkenin atabilecekleri ad\u0131mlar meselesinin ayr\u0131nt\u0131lar\u0131yla tart\u0131\u015f\u0131ld\u0131\u011f\u0131n\u0131 belirten Lavrov; Rusya ve ABD\u2019nin, BM genel sekreterinin Suriye \u00f6zel temsilcisi Staffan de Mistura\u2019n\u0131n Suriyeliler aras\u0131nda ger\u00e7ek ve kapsaml\u0131 diyalogun ba\u015flat\u0131lmas\u0131 amac\u0131yla t\u00fcm taraflara belirli \u00f6neriler takdim edece\u011fine inand\u0131klar\u0131n\u0131 s\u00f6zlerine ekledi.<\/p>\n<p>Bas\u0131n toplant\u0131s\u0131nda Kerry ise; Suriye&#8217;deki krizin sonland\u0131r\u0131lmas\u0131 ve ter\u00f6rle m\u00fccadelenin ciddi \u00f6nemini vurgulad\u0131. Kerry Rusya ve ABD aras\u0131ndaki i\u015fbirli\u011finin, uluslar aras\u0131 bir\u00e7ok meselenin \u00e7\u00f6z\u00fcm\u00fcnde ba\u015far\u0131l\u0131 oldu\u011funa dikkat \u00e7ekti.<\/p>\n<p>Suriye&#8217;deki krizin kesinlikle askeri y\u00f6ntemle \u00e7\u00f6z\u00fclemeyece\u011fini ve dolay\u0131s\u0131yla siyasi yollarla \u00e7\u00f6z\u00fclece\u011fini ifade eden Kerry; krizin \u00e7\u00f6z\u00fclmesiyle durumlar\u0131n de\u011fi\u015fece\u011fine i\u015faret etti.<\/p>\n","protected":false},"excerpt":{"rendered":"<p>MOSKOVA \u2013 Rusya D\u0131\u015fi\u015fleri Bakan\u0131 Sergey Lavrov; Rusya ve ABD\u2019nin Suriye&#8217;de I\u015e\u0130D ve Nusra Cephesine kar\u015f\u0131 sava\u015f\u0131 aral\u0131ks\u0131z bir \u015fekilde s\u00fcrd\u00fcrmekle birlikte krize siyasi \u00e7\u00f6z\u00fcm sa\u011flama amac\u0131yla Suriyeliler aras\u0131ndaki diyalog g\u00f6r\u00fc\u015fmelerinin devam etmesi i\u00e7in m\u00fcmk\u00fcn olan her gayreti g\u00f6sterme \u00fczerine anla\u015ft\u0131klar\u0131n\u0131 ilan etti. ABD\u2019li Mevkida\u015f\u0131 John Kerry ile bug\u00fcn Moskova&#8217;da bas\u0131n toplant\u0131s\u0131 d\u00fczenleyen Lavrov; Moskova &hellip;<\/p>\n","protected":false},"author":1,"featured_media":79661,"comment_status":"closed","ping_status":"closed","sticky":false,"template":"","format":"standard","meta":{"footnotes":""},"categories":[458,459,17988],"tags":[19199,17025,22446,3846],"class_list":["post-79660","post","type-post","status-publish","format-standard","has-post-thumbnail","","category-dunya1","category-haberler-arap-uluslararasi-politika","category-son-haberler","tag-disisleri-bakani","tag-john-kerry","tag-ortak-hederlerimizin-bulundugu-abd-ile-anlastik","tag-sergey-lavrov"],"_links":{"self":[{"href":"https:\/\/archive.sana.sy\/tr\/index.php?rest_route=\/wp\/v2\/posts\/79660","targetHints":{"allow":["GET"]}}],"collection":[{"href":"https:\/\/archive.sana.sy\/tr\/index.php?rest_route=\/wp\/v2\/posts"}],"about":[{"href":"https:\/\/archive.sana.sy\/tr\/index.php?rest_route=\/wp\/v2\/types\/post"}],"author":[{"embeddable":true,"href":"https:\/\/archive.sana.sy\/tr\/index.php?rest_route=\/wp\/v2\/users\/1"}],"replies":[{"embeddable":true,"href":"https:\/\/archive.sana.sy\/tr\/index.php?rest_route=%2Fwp%2Fv2%2Fcomments&post=79660"}],"version-history":[{"count":0,"href":"https:\/\/archive.sana.sy\/tr\/index.php?rest_route=\/wp\/v2\/posts\/79660\/revisions"}],"wp:featuredmedia":[{"embeddable":true,"href":"https:\/\/archive.sana.sy\/tr\/index.php?rest_route=\/wp\/v2\/media\/79661"}],"wp:attachment":[{"href":"https:\/\/archive.sana.sy\/tr\/index.php?rest_route=%2Fwp%2Fv2%2Fmedia&parent=79660"}],"wp:term":[{"taxonomy":"category","embeddable":true,"href":"https:\/\/archive.sana.sy\/tr\/index.php?rest_route=%2Fwp%2Fv2%2Fcategories&post=79660"},{"taxonomy":"post_tag","embeddable":true,"href":"https:\/\/archive.sana.sy\/tr\/index.php?rest_route=%2Fwp%2Fv2%2Ftags&post=79660"}],"curies":[{"name":"wp","href":"https:\/\/api.w.org\/{rel}","templated":true}]}}