{"id":79665,"date":"2016-07-16T16:12:49","date_gmt":"2016-07-16T13:12:49","guid":{"rendered":"http:\/\/www.sana.sy\/tr\/?p=79665"},"modified":"2016-07-16T16:12:49","modified_gmt":"2016-07-16T13:12:49","slug":"kaynak-teroristlerin-halep-kentinin-sehba-semtini-yine-fuzelerle-hedef-almalari-sonucunda-1-vatandasin-sehit-4-vatandasin-da-yarali-dustuklerini-belirtti","status":"publish","type":"post","link":"https:\/\/archive.sana.sy\/tr\/?p=79665","title":{"rendered":"Kaynak ter\u00f6ristlerin Halep Kentinin \u015eehba Semtini yine f\u00fczelerle hedef almalar\u0131 sonucunda 1 vatanda\u015f\u0131n \u015fehit, 4 vatanda\u015f\u0131n da yaral\u0131 d\u00fc\u015ft\u00fcklerini belirtti"},"content":{"rendered":"<p>Kaynak ter\u00f6ristlerin Halep Kentinin \u015eehba Semtini yine f\u00fczelerle hedef almalar\u0131 sonucunda 1 vatanda\u015f\u0131n \u015fehit, 4 vatanda\u015f\u0131n da yaral\u0131 d\u00fc\u015ft\u00fcklerini belirtti<\/p>\n","protected":false},"excerpt":{"rendered":"<p>Kaynak ter\u00f6ristlerin Halep Kentinin \u015eehba Semtini yine f\u00fczelerle hedef almalar\u0131 sonucunda 1 vatanda\u015f\u0131n \u015fehit, 4 vatanda\u015f\u0131n da yaral\u0131 d\u00fc\u015ft\u00fcklerini belirtti<\/p>\n","protected":false},"author":1,"featured_media":0,"comment_status":"closed","ping_status":"closed","sticky":false,"template":"","format":"standard","meta":{"footnotes":""},"categories":[17991],"tags":[],"class_list":["post-79665","post","type-post","status-publish","format-standard","","category-son-dakika"],"_links":{"self":[{"href":"https:\/\/archive.sana.sy\/tr\/index.php?rest_route=\/wp\/v2\/posts\/79665","targetHints":{"allow":["GET"]}}],"collection":[{"href":"https:\/\/archive.sana.sy\/tr\/index.php?rest_route=\/wp\/v2\/posts"}],"about":[{"href":"https:\/\/archive.sana.sy\/tr\/index.php?rest_route=\/wp\/v2\/types\/post"}],"author":[{"embeddable":true,"href":"https:\/\/archive.sana.sy\/tr\/index.php?rest_route=\/wp\/v2\/users\/1"}],"replies":[{"embeddable":true,"href":"https:\/\/archive.sana.sy\/tr\/index.php?rest_route=%2Fwp%2Fv2%2Fcomments&post=79665"}],"version-history":[{"count":0,"href":"https:\/\/archive.sana.sy\/tr\/index.php?rest_route=\/wp\/v2\/posts\/79665\/revisions"}],"wp:attachment":[{"href":"https:\/\/archive.sana.sy\/tr\/index.php?rest_route=%2Fwp%2Fv2%2Fmedia&parent=79665"}],"wp:term":[{"taxonomy":"category","embeddable":true,"href":"https:\/\/archive.sana.sy\/tr\/index.php?rest_route=%2Fwp%2Fv2%2Fcategories&post=79665"},{"taxonomy":"post_tag","embeddable":true,"href":"https:\/\/archive.sana.sy\/tr\/index.php?rest_route=%2Fwp%2Fv2%2Ftags&post=79665"}],"curies":[{"name":"wp","href":"https:\/\/api.w.org\/{rel}","templated":true}]}}