{"id":79721,"date":"2016-07-17T10:55:06","date_gmt":"2016-07-17T07:55:06","guid":{"rendered":"http:\/\/www.sana.sy\/tr\/?p=79721"},"modified":"2016-07-17T14:09:16","modified_gmt":"2016-07-17T11:09:16","slug":"kaynak-deyrezzor-kentinin-yaklasik-30-km-guneybatisina-dusen-sovla-bolgesinde-gerceklestirilen-hava-operasyonlarinda-ise-tekfirci-teror-orgutu-iside-ait-arac-ve-karargahlarin-aralarinda-saha","status":"publish","type":"post","link":"https:\/\/archive.sana.sy\/tr\/?p=79721","title":{"rendered":"Kaynak Deyrezzor kentinin yakla\u015f\u0131k 30 km g\u00fcneybat\u0131s\u0131na d\u00fc\u015fen \u015eovla B\u00f6lgesinde ger\u00e7ekle\u015ftirilen hava operasyonlar\u0131nda ise tekfirci ter\u00f6r \u00f6rg\u00fct\u00fc I\u015e\u0130D\u2019e ait ara\u00e7 ve karargahlar\u0131n aralar\u0131nda saha komutanlar\u0131n\u0131n bulundu\u011fu \u00e7ok say\u0131da ter\u00f6ristle birlikte imha edildiklerini s\u00f6yledi"},"content":{"rendered":"<p>Kaynak Deyrezzor kentinin yakla\u015f\u0131k 30 km g\u00fcneybat\u0131s\u0131na d\u00fc\u015fen \u015eovla B\u00f6lgesinde ger\u00e7ekle\u015ftirilen hava operasyonlar\u0131nda ise tekfirci ter\u00f6r \u00f6rg\u00fct\u00fc I\u015e\u0130D\u2019e ait ara\u00e7 ve karargahlar\u0131n aralar\u0131nda saha komutanlar\u0131n\u0131n bulundu\u011fu \u00e7ok say\u0131da ter\u00f6ristle birlikte imha edildiklerini s\u00f6yledi<\/p>\n","protected":false},"excerpt":{"rendered":"<p>Kaynak Deyrezzor kentinin yakla\u015f\u0131k 30 km g\u00fcneybat\u0131s\u0131na d\u00fc\u015fen \u015eovla B\u00f6lgesinde ger\u00e7ekle\u015ftirilen hava operasyonlar\u0131nda ise tekfirci ter\u00f6r \u00f6rg\u00fct\u00fc I\u015e\u0130D\u2019e ait ara\u00e7 ve karargahlar\u0131n aralar\u0131nda saha komutanlar\u0131n\u0131n bulundu\u011fu \u00e7ok say\u0131da ter\u00f6ristle birlikte imha edildiklerini s\u00f6yledi<\/p>\n","protected":false},"author":1,"featured_media":0,"comment_status":"closed","ping_status":"closed","sticky":false,"template":"","format":"standard","meta":{"footnotes":""},"categories":[17991],"tags":[],"class_list":["post-79721","post","type-post","status-publish","format-standard","","category-son-dakika"],"_links":{"self":[{"href":"https:\/\/archive.sana.sy\/tr\/index.php?rest_route=\/wp\/v2\/posts\/79721","targetHints":{"allow":["GET"]}}],"collection":[{"href":"https:\/\/archive.sana.sy\/tr\/index.php?rest_route=\/wp\/v2\/posts"}],"about":[{"href":"https:\/\/archive.sana.sy\/tr\/index.php?rest_route=\/wp\/v2\/types\/post"}],"author":[{"embeddable":true,"href":"https:\/\/archive.sana.sy\/tr\/index.php?rest_route=\/wp\/v2\/users\/1"}],"replies":[{"embeddable":true,"href":"https:\/\/archive.sana.sy\/tr\/index.php?rest_route=%2Fwp%2Fv2%2Fcomments&post=79721"}],"version-history":[{"count":0,"href":"https:\/\/archive.sana.sy\/tr\/index.php?rest_route=\/wp\/v2\/posts\/79721\/revisions"}],"wp:attachment":[{"href":"https:\/\/archive.sana.sy\/tr\/index.php?rest_route=%2Fwp%2Fv2%2Fmedia&parent=79721"}],"wp:term":[{"taxonomy":"category","embeddable":true,"href":"https:\/\/archive.sana.sy\/tr\/index.php?rest_route=%2Fwp%2Fv2%2Fcategories&post=79721"},{"taxonomy":"post_tag","embeddable":true,"href":"https:\/\/archive.sana.sy\/tr\/index.php?rest_route=%2Fwp%2Fv2%2Ftags&post=79721"}],"curies":[{"name":"wp","href":"https:\/\/api.w.org\/{rel}","templated":true}]}}