{"id":79730,"date":"2016-07-17T11:19:01","date_gmt":"2016-07-17T08:19:01","guid":{"rendered":"http:\/\/www.sana.sy\/tr\/?p=79730"},"modified":"2016-07-17T14:15:21","modified_gmt":"2016-07-17T11:15:21","slug":"sana-muhabiri-israil-destekli-tekfirci-teroristlerin-hadar-koyunde-vatandaslarin-evlerini-agir-silahlarla-taramalari-sonucunda-maddi-hasarlarin-olustugunu-aktardi","status":"publish","type":"post","link":"https:\/\/archive.sana.sy\/tr\/?p=79730","title":{"rendered":"SANA muhabiri; \u0130srail destekli tekfirci ter\u00f6ristlerin Hadar k\u00f6y\u00fcnde vatanda\u015flar\u0131n evlerini a\u011f\u0131r silahlarla taramalar\u0131 sonucunda maddi hasarlar\u0131n olu\u015ftu\u011funu aktard\u0131"},"content":{"rendered":"<p>SANA muhabiri; \u0130srail destekli tekfirci ter\u00f6ristlerin Hadar k\u00f6y\u00fcnde vatanda\u015flar\u0131n evlerini a\u011f\u0131r silahlarla taramalar\u0131 sonucunda maddi hasarlar\u0131n olu\u015ftu\u011funu aktard\u0131<\/p>\n","protected":false},"excerpt":{"rendered":"<p>SANA muhabiri; \u0130srail destekli tekfirci ter\u00f6ristlerin Hadar k\u00f6y\u00fcnde vatanda\u015flar\u0131n evlerini a\u011f\u0131r silahlarla taramalar\u0131 sonucunda maddi hasarlar\u0131n olu\u015ftu\u011funu aktard\u0131<\/p>\n","protected":false},"author":1,"featured_media":0,"comment_status":"closed","ping_status":"closed","sticky":false,"template":"","format":"standard","meta":{"footnotes":""},"categories":[17991],"tags":[],"class_list":["post-79730","post","type-post","status-publish","format-standard","","category-son-dakika"],"_links":{"self":[{"href":"https:\/\/archive.sana.sy\/tr\/index.php?rest_route=\/wp\/v2\/posts\/79730","targetHints":{"allow":["GET"]}}],"collection":[{"href":"https:\/\/archive.sana.sy\/tr\/index.php?rest_route=\/wp\/v2\/posts"}],"about":[{"href":"https:\/\/archive.sana.sy\/tr\/index.php?rest_route=\/wp\/v2\/types\/post"}],"author":[{"embeddable":true,"href":"https:\/\/archive.sana.sy\/tr\/index.php?rest_route=\/wp\/v2\/users\/1"}],"replies":[{"embeddable":true,"href":"https:\/\/archive.sana.sy\/tr\/index.php?rest_route=%2Fwp%2Fv2%2Fcomments&post=79730"}],"version-history":[{"count":0,"href":"https:\/\/archive.sana.sy\/tr\/index.php?rest_route=\/wp\/v2\/posts\/79730\/revisions"}],"wp:attachment":[{"href":"https:\/\/archive.sana.sy\/tr\/index.php?rest_route=%2Fwp%2Fv2%2Fmedia&parent=79730"}],"wp:term":[{"taxonomy":"category","embeddable":true,"href":"https:\/\/archive.sana.sy\/tr\/index.php?rest_route=%2Fwp%2Fv2%2Fcategories&post=79730"},{"taxonomy":"post_tag","embeddable":true,"href":"https:\/\/archive.sana.sy\/tr\/index.php?rest_route=%2Fwp%2Fv2%2Ftags&post=79730"}],"curies":[{"name":"wp","href":"https:\/\/api.w.org\/{rel}","templated":true}]}}