{"id":79732,"date":"2016-07-17T11:45:25","date_gmt":"2016-07-17T08:45:25","guid":{"rendered":"http:\/\/www.sana.sy\/tr\/?p=79732"},"modified":"2016-07-17T14:20:22","modified_gmt":"2016-07-17T11:20:22","slug":"askeri-kaynak-sanaya-aciklamasinda-hava-guclerimizin-sabah-saatlerinde-hama-ilinin-dogusuna-dusen-selemiye-bolgesinin-yine-dogusu-tebbarat-diyba-ebu-hanaya-ebu-hbeylat-ve-herdana-koylerinde","status":"publish","type":"post","link":"https:\/\/archive.sana.sy\/tr\/?p=79732","title":{"rendered":"Askeri kaynak SANA\u2019ya a\u00e7\u0131klamas\u0131nda hava g\u00fc\u00e7lerimizin sabah saatlerinde Hama ilinin do\u011fusuna d\u00fc\u015fen Selemiye B\u00f6lgesinin yine do\u011fusu Tebbarat Diyba, Ebu hanaya, Ebu Hbeylat ve Herdana k\u00f6ylerinde I\u015e\u0130D\u2019in karargahlar\u0131, siperleri ve ara\u00e7lar\u0131n\u0131 imha ettiklerini ifade etti"},"content":{"rendered":"<p>Askeri kaynak SANA\u2019ya a\u00e7\u0131klamas\u0131nda hava g\u00fc\u00e7lerimizin sabah saatlerinde Hama ilinin do\u011fusuna d\u00fc\u015fen Selemiye B\u00f6lgesinin yine do\u011fusu Tebbarat Diyba, Ebu hanaya, Ebu Hbeylat ve Herdana k\u00f6ylerinde I\u015e\u0130D\u2019in karargahlar\u0131, siperleri ve ara\u00e7lar\u0131n\u0131 imha ettiklerini ifade etti<\/p>\n","protected":false},"excerpt":{"rendered":"<p>Askeri kaynak SANA\u2019ya a\u00e7\u0131klamas\u0131nda hava g\u00fc\u00e7lerimizin sabah saatlerinde Hama ilinin do\u011fusuna d\u00fc\u015fen Selemiye B\u00f6lgesinin yine do\u011fusu Tebbarat Diyba, Ebu hanaya, Ebu Hbeylat ve Herdana k\u00f6ylerinde I\u015e\u0130D\u2019in karargahlar\u0131, siperleri ve ara\u00e7lar\u0131n\u0131 imha ettiklerini ifade etti<\/p>\n","protected":false},"author":1,"featured_media":0,"comment_status":"closed","ping_status":"closed","sticky":false,"template":"","format":"standard","meta":{"footnotes":""},"categories":[17991],"tags":[],"class_list":["post-79732","post","type-post","status-publish","format-standard","","category-son-dakika"],"_links":{"self":[{"href":"https:\/\/archive.sana.sy\/tr\/index.php?rest_route=\/wp\/v2\/posts\/79732","targetHints":{"allow":["GET"]}}],"collection":[{"href":"https:\/\/archive.sana.sy\/tr\/index.php?rest_route=\/wp\/v2\/posts"}],"about":[{"href":"https:\/\/archive.sana.sy\/tr\/index.php?rest_route=\/wp\/v2\/types\/post"}],"author":[{"embeddable":true,"href":"https:\/\/archive.sana.sy\/tr\/index.php?rest_route=\/wp\/v2\/users\/1"}],"replies":[{"embeddable":true,"href":"https:\/\/archive.sana.sy\/tr\/index.php?rest_route=%2Fwp%2Fv2%2Fcomments&post=79732"}],"version-history":[{"count":0,"href":"https:\/\/archive.sana.sy\/tr\/index.php?rest_route=\/wp\/v2\/posts\/79732\/revisions"}],"wp:attachment":[{"href":"https:\/\/archive.sana.sy\/tr\/index.php?rest_route=%2Fwp%2Fv2%2Fmedia&parent=79732"}],"wp:term":[{"taxonomy":"category","embeddable":true,"href":"https:\/\/archive.sana.sy\/tr\/index.php?rest_route=%2Fwp%2Fv2%2Fcategories&post=79732"},{"taxonomy":"post_tag","embeddable":true,"href":"https:\/\/archive.sana.sy\/tr\/index.php?rest_route=%2Fwp%2Fv2%2Ftags&post=79732"}],"curies":[{"name":"wp","href":"https:\/\/api.w.org\/{rel}","templated":true}]}}