{"id":79737,"date":"2016-07-17T11:15:41","date_gmt":"2016-07-17T08:15:41","guid":{"rendered":"http:\/\/www.sana.sy\/tr\/?p=79737"},"modified":"2016-07-18T16:49:11","modified_gmt":"2016-07-18T13:49:11","slug":"bircok-bolgede-mevki-ve-araclarini-top-atesine-tuttu","status":"publish","type":"post","link":"https:\/\/archive.sana.sy\/tr\/?p=79737","title":{"rendered":"Bir\u00e7ok B\u00f6lgede Mevki ve Ara\u00e7lar\u0131n\u0131 Top Ate\u015fine Tuttu"},"content":{"rendered":"<p>BEYRUT \u2013 L\u00fcbnan ordusu d\u00fcn gece ve sabah\u0131n erken saatlerinde L\u00fcbnan\u2019\u0131n Do\u011fu Ersal, Hayl Vadisi, Hurbat Yunin, Raf\u0131k Vadisi ve Ras Bealbek Da\u011flar\u0131 b\u00f6lgelerinde I\u015e\u0130D ve Kaide \u00d6rg\u00fct\u00fcn\u00fcn Suriye kolu Nusra Cephesinin mevkilerini yo\u011fun top ve f\u00fcze ate\u015fine tuttu.<\/p>\n<p>L\u00fcbnan&#8217;\u0131n resmi haber ajans\u0131 Ulusal Enformasyon; ordu operasyonlar\u0131nda I\u015e\u0130D ve Nusra Cephesine ait bir k\u0131sm\u0131 a\u011f\u0131r silahlarla donat\u0131lm\u0131\u015f bir\u00e7ok arac\u0131n onlara e\u015flik eden ter\u00f6r gruplar\u0131yla birlikte imha edildiklerini belirtirken, \u00e7ok say\u0131da ter\u00f6ristin de \u00f6ld\u00fcr\u00fcld\u00fc\u011f\u00fcn\u00fc ifade etti.<\/p>\n","protected":false},"excerpt":{"rendered":"<p>BEYRUT \u2013 L\u00fcbnan ordusu d\u00fcn gece ve sabah\u0131n erken saatlerinde L\u00fcbnan\u2019\u0131n Do\u011fu Ersal, Hayl Vadisi, Hurbat Yunin, Raf\u0131k Vadisi ve Ras Bealbek Da\u011flar\u0131 b\u00f6lgelerinde I\u015e\u0130D ve Kaide \u00d6rg\u00fct\u00fcn\u00fcn Suriye kolu Nusra Cephesinin mevkilerini yo\u011fun top ve f\u00fcze ate\u015fine tuttu. L\u00fcbnan&#8217;\u0131n resmi haber ajans\u0131 Ulusal Enformasyon; ordu operasyonlar\u0131nda I\u015e\u0130D ve Nusra Cephesine ait bir k\u0131sm\u0131 a\u011f\u0131r &hellip;<\/p>\n","protected":false},"author":1,"featured_media":79707,"comment_status":"closed","ping_status":"closed","sticky":false,"template":"","format":"standard","meta":{"footnotes":""},"categories":[458,459,17988],"tags":[3464,18237,18576,2318,17734,18604],"class_list":["post-79737","post","type-post","status-publish","format-standard","has-post-thumbnail","","category-dunya1","category-haberler-arap-uluslararasi-politika","category-son-haberler","tag-nusra-cephesi","tag-cihatcilar","tag-daes","tag-isid","tag-lubnan-ordusu","tag-terore-karsi-savas"],"_links":{"self":[{"href":"https:\/\/archive.sana.sy\/tr\/index.php?rest_route=\/wp\/v2\/posts\/79737","targetHints":{"allow":["GET"]}}],"collection":[{"href":"https:\/\/archive.sana.sy\/tr\/index.php?rest_route=\/wp\/v2\/posts"}],"about":[{"href":"https:\/\/archive.sana.sy\/tr\/index.php?rest_route=\/wp\/v2\/types\/post"}],"author":[{"embeddable":true,"href":"https:\/\/archive.sana.sy\/tr\/index.php?rest_route=\/wp\/v2\/users\/1"}],"replies":[{"embeddable":true,"href":"https:\/\/archive.sana.sy\/tr\/index.php?rest_route=%2Fwp%2Fv2%2Fcomments&post=79737"}],"version-history":[{"count":0,"href":"https:\/\/archive.sana.sy\/tr\/index.php?rest_route=\/wp\/v2\/posts\/79737\/revisions"}],"wp:featuredmedia":[{"embeddable":true,"href":"https:\/\/archive.sana.sy\/tr\/index.php?rest_route=\/wp\/v2\/media\/79707"}],"wp:attachment":[{"href":"https:\/\/archive.sana.sy\/tr\/index.php?rest_route=%2Fwp%2Fv2%2Fmedia&parent=79737"}],"wp:term":[{"taxonomy":"category","embeddable":true,"href":"https:\/\/archive.sana.sy\/tr\/index.php?rest_route=%2Fwp%2Fv2%2Fcategories&post=79737"},{"taxonomy":"post_tag","embeddable":true,"href":"https:\/\/archive.sana.sy\/tr\/index.php?rest_route=%2Fwp%2Fv2%2Ftags&post=79737"}],"curies":[{"name":"wp","href":"https:\/\/api.w.org\/{rel}","templated":true}]}}