{"id":79766,"date":"2016-07-17T11:00:19","date_gmt":"2016-07-17T08:00:19","guid":{"rendered":"http:\/\/www.sana.sy\/tr\/?p=79766"},"modified":"2016-07-18T16:49:08","modified_gmt":"2016-07-18T13:49:08","slug":"golanda-israil-devriyesi-havaya-uctu","status":"publish","type":"post","link":"https:\/\/archive.sana.sy\/tr\/?p=79766","title":{"rendered":"Golan\u2019da \u0130srail Devriyesi Havaya U\u00e7tu"},"content":{"rendered":"<p>GOLAN \u2013 Suriye&#8217;nin \u0130srail i\u015fgali alt\u0131ndaki Golan topraklar\u0131nda \u0130srailli askeri bir devriyenin e\u011fitimi s\u0131ras\u0131nda devriye arac\u0131 jip arac\u0131 havaya u\u00e7tu.<\/p>\n<p>Filistinli Maa Haber Ajans\u0131 i\u015fgal alt\u0131ndaki Golan topraklar\u0131n\u0131n Mecde\u015f\u015fems Beldesi yak\u0131nlar\u0131nda tatbikat s\u0131ras\u0131nda duran \u0130srailli askeri bir jip arac\u0131nda el bombas\u0131n\u0131n patlad\u0131\u011f\u0131n\u0131 aktard\u0131. Haberde bomban\u0131n patlamas\u0131yla havaya u\u00e7an askeri ara\u00e7ta bulunan \u0130srailli 2 askerin \u00f6l\u00fc, 2 askerin de yaral\u0131 d\u00fc\u015ft\u00fckleri kaydedildi. Yaralanan \u0130srailli askerlerden birinin alay komutan\u0131 oldu\u011fu ve durumunun a\u011f\u0131r oldu\u011funa dikkat \u00e7ekilen haberde, el bombas\u0131n\u0131n patlama nedeninin \u015fu ana dek a\u00e7\u0131klanmad\u0131\u011f\u0131na vurgu yap\u0131ld\u0131.<\/p>\n","protected":false},"excerpt":{"rendered":"<p>GOLAN \u2013 Suriye&#8217;nin \u0130srail i\u015fgali alt\u0131ndaki Golan topraklar\u0131nda \u0130srailli askeri bir devriyenin e\u011fitimi s\u0131ras\u0131nda devriye arac\u0131 jip arac\u0131 havaya u\u00e7tu. Filistinli Maa Haber Ajans\u0131 i\u015fgal alt\u0131ndaki Golan topraklar\u0131n\u0131n Mecde\u015f\u015fems Beldesi yak\u0131nlar\u0131nda tatbikat s\u0131ras\u0131nda duran \u0130srailli askeri bir jip arac\u0131nda el bombas\u0131n\u0131n patlad\u0131\u011f\u0131n\u0131 aktard\u0131. Haberde bomban\u0131n patlamas\u0131yla havaya u\u00e7an askeri ara\u00e7ta bulunan \u0130srailli 2 askerin \u00f6l\u00fc, &hellip;<\/p>\n","protected":false},"author":1,"featured_media":77675,"comment_status":"closed","ping_status":"closed","sticky":false,"template":"","format":"standard","meta":{"footnotes":""},"categories":[479,17988,478],"tags":[22473,22474,19188,22472],"class_list":["post-79766","post","type-post","status-publish","format-standard","has-post-thumbnail","","category-haberler-yerel","category-son-haberler","category-yerel","tag-filistinli-maa-haber-ajansi","tag-golan-tatbikati","tag-golan-topraklari","tag-golanda-israil-devriyesi-havaya-uctu"],"_links":{"self":[{"href":"https:\/\/archive.sana.sy\/tr\/index.php?rest_route=\/wp\/v2\/posts\/79766","targetHints":{"allow":["GET"]}}],"collection":[{"href":"https:\/\/archive.sana.sy\/tr\/index.php?rest_route=\/wp\/v2\/posts"}],"about":[{"href":"https:\/\/archive.sana.sy\/tr\/index.php?rest_route=\/wp\/v2\/types\/post"}],"author":[{"embeddable":true,"href":"https:\/\/archive.sana.sy\/tr\/index.php?rest_route=\/wp\/v2\/users\/1"}],"replies":[{"embeddable":true,"href":"https:\/\/archive.sana.sy\/tr\/index.php?rest_route=%2Fwp%2Fv2%2Fcomments&post=79766"}],"version-history":[{"count":0,"href":"https:\/\/archive.sana.sy\/tr\/index.php?rest_route=\/wp\/v2\/posts\/79766\/revisions"}],"wp:featuredmedia":[{"embeddable":true,"href":"https:\/\/archive.sana.sy\/tr\/index.php?rest_route=\/wp\/v2\/media\/77675"}],"wp:attachment":[{"href":"https:\/\/archive.sana.sy\/tr\/index.php?rest_route=%2Fwp%2Fv2%2Fmedia&parent=79766"}],"wp:term":[{"taxonomy":"category","embeddable":true,"href":"https:\/\/archive.sana.sy\/tr\/index.php?rest_route=%2Fwp%2Fv2%2Fcategories&post=79766"},{"taxonomy":"post_tag","embeddable":true,"href":"https:\/\/archive.sana.sy\/tr\/index.php?rest_route=%2Fwp%2Fv2%2Ftags&post=79766"}],"curies":[{"name":"wp","href":"https:\/\/api.w.org\/{rel}","templated":true}]}}