{"id":7979,"date":"2014-08-21T23:25:36","date_gmt":"2014-08-21T20:25:36","guid":{"rendered":"http:\/\/www.sana.sy\/tr\/?p=7979"},"modified":"2014-08-21T23:25:36","modified_gmt":"2014-08-21T20:25:36","slug":"bm-gorev-ve-sorumluluklarinda-basarili-olamadi","status":"publish","type":"post","link":"https:\/\/archive.sana.sy\/tr\/?p=7979","title":{"rendered":"BM G\u00f6rev ve Sorumluluklar\u0131nda Ba\u015far\u0131l\u0131 Olamad\u0131"},"content":{"rendered":"<p>NEW YORK \u2013 Birle\u015fmi\u015f Milletlere tabi Uluslararas\u0131 G\u00fcvenlik Konseyi bug\u00fcn anla\u015fmazl\u0131klardan uzak durma ve t\u0131rmanmas\u0131ndan \u00f6nce gerginliklere s\u0131n\u0131r koyma amac\u0131yla BM genel sekreterinin yetki ve otoritelerini artt\u0131rmay\u0131 \u00f6ng\u00f6ren 2171 say\u0131l\u0131 karar\u0131 \u00e7o\u011funluk oyla onaylad\u0131.<\/p>\n<p>G\u00fcvenlik Konseyinin \u2018d\u00fcnya bar\u0131\u015f\u0131 ve g\u00fcvenli\u011fini koruma\u2019 ba\u015fl\u0131\u011f\u0131 alt\u0131nda d\u00fczenledi\u011fi oturumda konu\u015fan Suriye&#8217;nin BM\u2019deki Daimi Temsilcisi Be\u015f\u015far el Caferi; birinci d\u00fcnya sava\u015f\u0131ndan y\u00fcz y\u0131l sonra d\u00fcnya \u00fclkeleri aras\u0131ndaki ili\u015fkilerin pek hayra alamet olmad\u0131\u011f\u0131na i\u015faret ederek; bu sava\u015fa kat\u0131lan devletlerin tarihi facia tarihinden ders almad\u0131klar\u0131n\u0131n ortada oldu\u011funu s\u00f6yledi. Birinci d\u00fcnya sava\u015f\u0131 ard\u0131ndan daha \u00e7ok y\u0131k\u0131m ve \u00f6l\u00fcme neden olan ikinci d\u00fcnya sava\u015f\u0131n\u0131n da oldu\u011funa i\u015faret eden Caferi; ayn\u0131 politikalar\u0131n uluslar aras\u0131 ili\u015fkilerin genelini kaos ve anar\u015fiye s\u00fcr\u00fckledi\u011fini belirtti.<\/p>\n<p>Caferi bunun da \u00fc\u00e7\u00fcnc\u00fc d\u00fcnya sava\u015f\u0131na benzedi\u011fine dikkat \u00e7ekerek; bu sava\u015f\u0131n da ayn\u0131 s\u00f6m\u00fcr\u00fcc\u00fc devletler taraf\u0131ndan ayni mant\u0131kla y\u00f6netildi\u011fini, fakat bu defas\u0131nda anla\u015fmazl\u0131k b\u00f6lgelerindeki edatlar ve vekillerle y\u00fcr\u00fctt\u00fcklerinin alt\u0131n\u0131 \u00e7izdi.<\/p>\n<p>Caferi BM\u2019nin kurulu\u015f amac\u0131nda ba\u015far\u0131l\u0131 olamad\u0131\u011f\u0131na i\u015faret ederek; BM\u2019nin misak\u0131nda belirtild<\/p>\n<p>i\u011fi gibi sava\u015flar\u0131 \u00f6nleme ve gelecek nesilleri sava\u015f ac\u0131lar\u0131ndan korumada ba\u015far\u0131s\u0131z kald\u0131\u011f\u0131n\u0131 belirtti.<\/p>\n<p>B\u00f6lge halklar\u0131n\u0131n sava\u015flar ve askeri sald\u0131r\u0131lar nedeniyle tan\u0131k olduklar\u0131 ac\u0131lara dikkat \u00e7eken Caferi; son olarak Suriye, Libya, Irak, Gazze ve daha ba\u015fka yerlere kar\u015f\u0131 y\u00fcr\u00fct\u00fclen sava\u015flar\u0131n ac\u0131 sonu\u00e7lar\u0131na \u0131\u015f\u0131k tuttu.Caferi konu\u015fmas\u0131nda BM\u2019den \u00fcye devletlerinin kendisine verdi\u011fi yetki ve sorumluluk \u00e7er\u00e7evesinde \u00fcst\u00fcne d\u00fc\u015fen rol\u00fc oynamas\u0131, sava\u015flar\u0131 engellemesi, devletlerin egemenli\u011fini korumas\u0131na \u00e7a\u011f\u0131rd\u0131.<\/p>\n","protected":false},"excerpt":{"rendered":"<p>NEW YORK \u2013 Birle\u015fmi\u015f Milletlere tabi Uluslararas\u0131 G\u00fcvenlik Konseyi bug\u00fcn anla\u015fmazl\u0131klardan uzak durma ve t\u0131rmanmas\u0131ndan \u00f6nce gerginliklere s\u0131n\u0131r koyma amac\u0131yla BM genel sekreterinin yetki ve otoritelerini artt\u0131rmay\u0131 \u00f6ng\u00f6ren 2171 say\u0131l\u0131 karar\u0131 \u00e7o\u011funluk oyla onaylad\u0131. G\u00fcvenlik Konseyinin \u2018d\u00fcnya bar\u0131\u015f\u0131 ve g\u00fcvenli\u011fini koruma\u2019 ba\u015fl\u0131\u011f\u0131 alt\u0131nda d\u00fczenledi\u011fi oturumda konu\u015fan Suriye&#8217;nin BM\u2019deki Daimi Temsilcisi Be\u015f\u015far el Caferi; birinci d\u00fcnya &hellip;<\/p>\n","protected":false},"author":1,"featured_media":7980,"comment_status":"closed","ping_status":"closed","sticky":false,"template":"","format":"standard","meta":{"footnotes":""},"categories":[458,459,447],"tags":[1782],"class_list":["post-7979","post","type-post","status-publish","format-standard","has-post-thumbnail","","category-dunya1","category-haberler-arap-uluslararasi-politika","category-politika","tag-bm-gorev-ve-sorumluluklarinda-basarili-olamadi"],"_links":{"self":[{"href":"https:\/\/archive.sana.sy\/tr\/index.php?rest_route=\/wp\/v2\/posts\/7979","targetHints":{"allow":["GET"]}}],"collection":[{"href":"https:\/\/archive.sana.sy\/tr\/index.php?rest_route=\/wp\/v2\/posts"}],"about":[{"href":"https:\/\/archive.sana.sy\/tr\/index.php?rest_route=\/wp\/v2\/types\/post"}],"author":[{"embeddable":true,"href":"https:\/\/archive.sana.sy\/tr\/index.php?rest_route=\/wp\/v2\/users\/1"}],"replies":[{"embeddable":true,"href":"https:\/\/archive.sana.sy\/tr\/index.php?rest_route=%2Fwp%2Fv2%2Fcomments&post=7979"}],"version-history":[{"count":0,"href":"https:\/\/archive.sana.sy\/tr\/index.php?rest_route=\/wp\/v2\/posts\/7979\/revisions"}],"wp:featuredmedia":[{"embeddable":true,"href":"https:\/\/archive.sana.sy\/tr\/index.php?rest_route=\/wp\/v2\/media\/7980"}],"wp:attachment":[{"href":"https:\/\/archive.sana.sy\/tr\/index.php?rest_route=%2Fwp%2Fv2%2Fmedia&parent=7979"}],"wp:term":[{"taxonomy":"category","embeddable":true,"href":"https:\/\/archive.sana.sy\/tr\/index.php?rest_route=%2Fwp%2Fv2%2Fcategories&post=7979"},{"taxonomy":"post_tag","embeddable":true,"href":"https:\/\/archive.sana.sy\/tr\/index.php?rest_route=%2Fwp%2Fv2%2Ftags&post=7979"}],"curies":[{"name":"wp","href":"https:\/\/api.w.org\/{rel}","templated":true}]}}