{"id":7983,"date":"2014-08-22T13:28:03","date_gmt":"2014-08-22T10:28:03","guid":{"rendered":"http:\/\/www.sana.sy\/tr\/?p=7983"},"modified":"2014-08-22T13:28:03","modified_gmt":"2014-08-22T10:28:03","slug":"ban-suriye-krizinin-kaynaginin-teror-oldugunu-itiraf-etti","status":"publish","type":"post","link":"https:\/\/archive.sana.sy\/tr\/?p=7983","title":{"rendered":"Ban Suriye Krizinin Kayna\u011f\u0131n\u0131n Ter\u00f6r Oldu\u011funu \u0130tiraf Etti"},"content":{"rendered":"<p>NEW YORK \u2013 BM Genel Sekreteri Ban Ki Moon, Suriye\u2019nin b\u00fcy\u00fck s\u0131k\u0131nt\u0131lar ya\u015famas\u0131na neden olan ter\u00f6r\u00fcn, b\u00fct\u00fcn d\u00fcnya i\u00e7in tehlike te\u015fkil etti\u011fi itiraf\u0131nda bulunarak Suriye&#8217;de ortaya \u00e7\u0131kan ter\u00f6r g\u00f6r\u00fcnt\u00fclerinin d\u00fcnya bar\u0131\u015f\u0131 ve g\u00fcvenli\u011fi i\u00e7in b\u00fcy\u00fck bir tehdit olu\u015fturdu\u011funu beyan etti.<\/p>\n<p>Ban, d\u00fcn gece kaleme ald\u0131\u011f\u0131 ve BM Haber Merkezi arac\u0131l\u0131\u011f\u0131yla yay\u0131nlana beyan\u0131nda; Suriye&#8217;de ya\u015fanmakta olan durumun, d\u00fcnya bar\u0131\u015f\u0131 ve g\u00fcvenli\u011finin en b\u00fcy\u00fck tehdidi olan ter\u00f6r\u00fcn b\u00fcy\u00fcmesiyle sonu\u00e7lanaca\u011f\u0131na i\u015faret ederek geldi\u011fimiz a\u015famada ter\u00f6r\u00fcn Suriye s\u0131n\u0131rlar\u0131n\u0131 a\u015farak kom\u015fu \u00fclkelere s\u0131\u00e7ram\u0131\u015f oldu\u011funun alt\u0131n\u0131 \u00e7izdi.<\/p>\n<p>Ter\u00f6r\u00fcn Suriye ile birlikte civar \u00fclkelerde de insanl\u0131k facialar\u0131na neden oldu\u011funu dile getiren Ban; \u00fc\u00e7 y\u0131ll\u0131k bir inkar\u0131n ard\u0131ndan Suriye&#8217;de ya\u015fanmakta olan krizin kayna\u011f\u0131n\u0131n ter\u00f6r oldu\u011funu kendi diliyle itiraf ederek Suriye&#8217;de ya\u015fanmakta olan krizin sona ermesi i\u00e7in h\u0131zla i\u015fbirli\u011fi ba\u015flat\u0131lmas\u0131 ve gerekli yard\u0131m\u0131n sa\u011flanmas\u0131 \u00e7a\u011fr\u0131s\u0131nda bulundu.<\/p>\n<p>Hat\u0131rlanaca\u011f\u0131 \u00fczere , Uluslararas\u0131 G\u00fcvenlik Konseyi d\u00fcn yapt\u0131\u011f\u0131 toplant\u0131da anla\u015fmazl\u0131klardan ka\u00e7\u0131n\u0131lmas\u0131 amac\u0131yla BM Genel Sekreterine daha geni\u015f yetkiler verilmesini \u00f6ng\u00f6ren 2171 nolu tasar\u0131y\u0131 karara ba\u011flam\u0131\u015ft\u0131.<\/p>\n<p>Suriye\u2019nin BM\u2019deki Daimi Temsilcisi Be\u015f\u015far el Caferi toplant\u0131da yapt\u0131\u011f\u0131 konu\u015fmada kimi devletlerin uluslararas\u0131 politikalar\u0131n\u0131n uluslararas\u0131 ili\u015fkileri kaosa s\u00fcr\u00fcklemekte oldu\u011funa i\u015faret ederek BM\u2019nin kurulu\u015f amac\u0131n\u0131 te\u015fkil eden \u201cgelecek nesilleri sava\u015f belas\u0131ndan kurtarma\u201d hedefine ula\u015fmamas\u0131n\u0131n \u00fcz\u00fcnt\u00fc verici oldu\u011funu belirtti.<\/p>\n<p>&nbsp;<\/p>\n","protected":false},"excerpt":{"rendered":"<p>NEW YORK \u2013 BM Genel Sekreteri Ban Ki Moon, Suriye\u2019nin b\u00fcy\u00fck s\u0131k\u0131nt\u0131lar ya\u015famas\u0131na neden olan ter\u00f6r\u00fcn, b\u00fct\u00fcn d\u00fcnya i\u00e7in tehlike te\u015fkil etti\u011fi itiraf\u0131nda bulunarak Suriye&#8217;de ortaya \u00e7\u0131kan ter\u00f6r g\u00f6r\u00fcnt\u00fclerinin d\u00fcnya bar\u0131\u015f\u0131 ve g\u00fcvenli\u011fi i\u00e7in b\u00fcy\u00fck bir tehdit olu\u015fturdu\u011funu beyan etti. Ban, d\u00fcn gece kaleme ald\u0131\u011f\u0131 ve BM Haber Merkezi arac\u0131l\u0131\u011f\u0131yla yay\u0131nlana beyan\u0131nda; Suriye&#8217;de ya\u015fanmakta olan &hellip;<\/p>\n","protected":false},"author":1,"featured_media":7984,"comment_status":"closed","ping_status":"closed","sticky":false,"template":"","format":"standard","meta":{"footnotes":""},"categories":[458,459,447],"tags":[1783],"class_list":["post-7983","post","type-post","status-publish","format-standard","has-post-thumbnail","","category-dunya1","category-haberler-arap-uluslararasi-politika","category-politika","tag-ban-suriye-krizinin-kaynaginin-teror-oldugunu-itiraf-etti"],"_links":{"self":[{"href":"https:\/\/archive.sana.sy\/tr\/index.php?rest_route=\/wp\/v2\/posts\/7983","targetHints":{"allow":["GET"]}}],"collection":[{"href":"https:\/\/archive.sana.sy\/tr\/index.php?rest_route=\/wp\/v2\/posts"}],"about":[{"href":"https:\/\/archive.sana.sy\/tr\/index.php?rest_route=\/wp\/v2\/types\/post"}],"author":[{"embeddable":true,"href":"https:\/\/archive.sana.sy\/tr\/index.php?rest_route=\/wp\/v2\/users\/1"}],"replies":[{"embeddable":true,"href":"https:\/\/archive.sana.sy\/tr\/index.php?rest_route=%2Fwp%2Fv2%2Fcomments&post=7983"}],"version-history":[{"count":0,"href":"https:\/\/archive.sana.sy\/tr\/index.php?rest_route=\/wp\/v2\/posts\/7983\/revisions"}],"wp:featuredmedia":[{"embeddable":true,"href":"https:\/\/archive.sana.sy\/tr\/index.php?rest_route=\/wp\/v2\/media\/7984"}],"wp:attachment":[{"href":"https:\/\/archive.sana.sy\/tr\/index.php?rest_route=%2Fwp%2Fv2%2Fmedia&parent=7983"}],"wp:term":[{"taxonomy":"category","embeddable":true,"href":"https:\/\/archive.sana.sy\/tr\/index.php?rest_route=%2Fwp%2Fv2%2Fcategories&post=7983"},{"taxonomy":"post_tag","embeddable":true,"href":"https:\/\/archive.sana.sy\/tr\/index.php?rest_route=%2Fwp%2Fv2%2Ftags&post=7983"}],"curies":[{"name":"wp","href":"https:\/\/api.w.org\/{rel}","templated":true}]}}