{"id":7992,"date":"2014-08-22T19:37:30","date_gmt":"2014-08-22T16:37:30","guid":{"rendered":"http:\/\/www.sana.sy\/tr\/?p=7992"},"modified":"2014-08-23T10:20:00","modified_gmt":"2014-08-23T07:20:00","slug":"isgal-gucleri-gun-dogmadan-can-almaya-devam-ediyorlar","status":"publish","type":"post","link":"https:\/\/archive.sana.sy\/tr\/?p=7992","title":{"rendered":"\u0130\u015fgal G\u00fc\u00e7leri G\u00fcn Do\u011fmadan Can Almaya Devam Ediyorlar"},"content":{"rendered":"<p>GAZZE \u2013 \u0130srail i\u015fgal g\u00fc\u00e7lerinin Gazze\u2019ye kar\u015f\u0131 s\u00fcrd\u00fcrd\u00fckleri vah\u015fi bombard\u0131man\u0131n 47. g\u00fcn\u00fcnde de devam etti.<\/p>\n<p>Sabah g\u00fcne\u015f \u0131\u015f\u0131klar\u0131n\u0131n hen\u00fcz g\u00fcn\u00fc yeni yeni ayd\u0131nlatmaya ba\u015flad\u0131\u011f\u0131 saatlerde \u00e7oluk \u00e7ocuk kad\u0131n erkek ay\u0131rmaks\u0131z\u0131n ya\u011fmaya ba\u015flayan \u0130srail bombalar\u0131 bir\u00e7ok Filistinlinin uykusundan bir daha uyanmamas\u0131na sebep oldu.<\/p>\n<p>Maan Filistin Haber Ajans\u0131 bug\u00fcn yay\u0131nlad\u0131\u011f\u0131 haberde t\u0131bbi kaynaklardan al\u0131nan bilgilere g\u00f6re bug\u00fcn i\u015fgal kuvvetlerinin sald\u0131r\u0131lar\u0131 sonucu Filistinli 6 vatanda\u015f\u0131n \u015fehit d\u00fc\u015ft\u00fc\u011f\u00fcn\u00fc ifade etti.<\/p>\n<p>\u0130\u015fgal sald\u0131r\u0131lar\u0131n\u0131n Han Yunus\u2019ta da s\u00fcrd\u00fc\u011f\u00fcne dikkat \u00e7ekilen haberde i\u015fgal kuvvetlerinin burada kas\u0131tl\u0131 olarak sivil konutlar\u0131 hedef ald\u0131klar\u0131 beyan edilerek edinilen bilgilere g\u00f6re bir Filistinlinin \u015fehit d\u00fc\u015ft\u00fc\u011f\u00fc aktar\u0131ld\u0131.<\/p>\n<p>Bu \u00e7er\u00e7evede Filistinli t\u0131bbi kaynaklar\u0131 \u0130srail i\u015fgal g\u00fc\u00e7lerinin ge\u00e7ti\u011fimiz ay\u0131n ba\u015flar\u0131ndan bu yana s\u00fcrd\u00fcrd\u00fckleri yo\u011fun bombard\u0131man sonucunda bug\u00fcne kadar 561\u2019i \u00e7ocuk olmak \u00fczere toplam 2078 Filistinlinin \u015fehit d\u00fc\u015ft\u00fc\u011f\u00fcn\u00fc ilan etti.<\/p>\n<p>Kaynaklar ayr\u0131ca 3189\u2019u \u00e7ocuk toplam 10345 Filistinlinin de \u0130srail i\u015fgal g\u00fc\u00e7lerinin bombard\u0131man\u0131 sonucu yaralanm\u0131\u015f oldu\u011funu belirtti.<\/p>\n<p><span style=\"color: #0000ff\">Uzmanlar Gazze\u2019ye At\u0131lan Bombalar\u0131n 20 Bin Tonu Buldu\u011funu A\u00e7\u0131klad\u0131<\/span><\/p>\n<p>Filistinli patlay\u0131c\u0131 uzmanlar\u0131, \u0130srail i\u015fgal g\u00fc\u00e7lerinin ge\u00e7ti\u011fimiz ay\u0131n ilk g\u00fcnlerinden itibaren Gazze\u2019ye kar\u015f\u0131 ba\u015flatm\u0131\u015f olduklar\u0131 bombard\u0131man kapsam\u0131nda Gazze\u2019ye 20 ton a\u011f\u0131rl\u0131\u011f\u0131nda bomba at\u0131lm\u0131\u015f oldu\u011funu ifade ederek bu rakam\u0131n 6 n\u00fckleer bombaya denk geldi\u011fini belirttiler.<\/p>\n<p>\u0130srail i\u015fgal g\u00fc\u00e7lerinin uluslararas\u0131 yasakl\u0131 silahlar kulland\u0131\u011f\u0131na dikkat \u00e7eken uzmanlar;\u00a0 Gazze bombard\u0131man\u0131nda kullan\u0131lan silahlar aras\u0131nda patlay\u0131c\u0131 g\u00fcc\u00fc y\u00fcksek bombalar\u0131n kullan\u0131lmas\u0131n\u0131n \u015fehit ve yaral\u0131 say\u0131s\u0131n\u0131 artt\u0131rd\u0131\u011f\u0131n\u0131 ibraz ettiler.<\/p>\n","protected":false},"excerpt":{"rendered":"<p>GAZZE \u2013 \u0130srail i\u015fgal g\u00fc\u00e7lerinin Gazze\u2019ye kar\u015f\u0131 s\u00fcrd\u00fcrd\u00fckleri vah\u015fi bombard\u0131man\u0131n 47. g\u00fcn\u00fcnde de devam etti. Sabah g\u00fcne\u015f \u0131\u015f\u0131klar\u0131n\u0131n hen\u00fcz g\u00fcn\u00fc yeni yeni ayd\u0131nlatmaya ba\u015flad\u0131\u011f\u0131 saatlerde \u00e7oluk \u00e7ocuk kad\u0131n erkek ay\u0131rmaks\u0131z\u0131n ya\u011fmaya ba\u015flayan \u0130srail bombalar\u0131 bir\u00e7ok Filistinlinin uykusundan bir daha uyanmamas\u0131na sebep oldu. Maan Filistin Haber Ajans\u0131 bug\u00fcn yay\u0131nlad\u0131\u011f\u0131 haberde t\u0131bbi kaynaklardan al\u0131nan bilgilere g\u00f6re bug\u00fcn &hellip;<\/p>\n","protected":false},"author":1,"featured_media":7993,"comment_status":"closed","ping_status":"closed","sticky":false,"template":"","format":"standard","meta":{"footnotes":""},"categories":[458,459,447],"tags":[1785],"class_list":["post-7992","post","type-post","status-publish","format-standard","has-post-thumbnail","","category-dunya1","category-haberler-arap-uluslararasi-politika","category-politika","tag-isgal-gucleri-gun-dogmadan-can-almaya-devam-ediyorlar"],"_links":{"self":[{"href":"https:\/\/archive.sana.sy\/tr\/index.php?rest_route=\/wp\/v2\/posts\/7992","targetHints":{"allow":["GET"]}}],"collection":[{"href":"https:\/\/archive.sana.sy\/tr\/index.php?rest_route=\/wp\/v2\/posts"}],"about":[{"href":"https:\/\/archive.sana.sy\/tr\/index.php?rest_route=\/wp\/v2\/types\/post"}],"author":[{"embeddable":true,"href":"https:\/\/archive.sana.sy\/tr\/index.php?rest_route=\/wp\/v2\/users\/1"}],"replies":[{"embeddable":true,"href":"https:\/\/archive.sana.sy\/tr\/index.php?rest_route=%2Fwp%2Fv2%2Fcomments&post=7992"}],"version-history":[{"count":0,"href":"https:\/\/archive.sana.sy\/tr\/index.php?rest_route=\/wp\/v2\/posts\/7992\/revisions"}],"wp:featuredmedia":[{"embeddable":true,"href":"https:\/\/archive.sana.sy\/tr\/index.php?rest_route=\/wp\/v2\/media\/7993"}],"wp:attachment":[{"href":"https:\/\/archive.sana.sy\/tr\/index.php?rest_route=%2Fwp%2Fv2%2Fmedia&parent=7992"}],"wp:term":[{"taxonomy":"category","embeddable":true,"href":"https:\/\/archive.sana.sy\/tr\/index.php?rest_route=%2Fwp%2Fv2%2Fcategories&post=7992"},{"taxonomy":"post_tag","embeddable":true,"href":"https:\/\/archive.sana.sy\/tr\/index.php?rest_route=%2Fwp%2Fv2%2Ftags&post=7992"}],"curies":[{"name":"wp","href":"https:\/\/api.w.org\/{rel}","templated":true}]}}