{"id":7995,"date":"2014-08-22T19:57:08","date_gmt":"2014-08-22T16:57:08","guid":{"rendered":"http:\/\/www.sana.sy\/tr\/?p=7995"},"modified":"2014-08-22T20:01:53","modified_gmt":"2014-08-22T17:01:53","slug":"turnuvalarda-yeni-maharetler-kesfedildi","status":"publish","type":"post","link":"https:\/\/archive.sana.sy\/tr\/?p=7995","title":{"rendered":"Turnuvalarda Yeni Maharetler Ke\u015ffedildi"},"content":{"rendered":"<p>\u015eAM \u2013 \u015eam\u2019daki Te\u015frin Stadyumunda 200 sporcunun kat\u0131l\u0131m\u0131yla d\u00fczenlenen Cumhuriyet Atletizm Turnuvalar\u0131 faaliyetlerini tamamlad\u0131.<\/p>\n<p>Gen\u00e7 ve k\u00fc\u00e7\u00fck bayan ve erkek sporcular\u0131n kat\u0131ld\u0131klar\u0131 turnuvalarda yeni maharetler ve yetenekler ke\u015ffedilmesiyle \u00f6n\u00fcm\u00fczdeki s\u00fcre\u00e7 i\u00e7inde b\u00f6lgesel ve uluslar aras\u0131 turnuvalara kat\u0131lacak milli atletizm tak\u0131mlar\u0131m\u0131za muhtelif oyunlarda yeni ve yetenekli sporcular\u0131n i\u015ftirak etme se\u00e7ene\u011fi artm\u0131\u015f oldu.<\/p>\n<div id='gallery-1' class='gallery galleryid-7995 gallery-columns-2 gallery-size-thumbnail'><figure class='gallery-item'>\n\t\t\t<div class='gallery-icon landscape'>\n\t\t\t\t<a href='https:\/\/archive.sana.sy\/tr\/wp-content\/uploads\/2014\/08\/Spor-2.jpg'><img loading=\"lazy\" decoding=\"async\" width=\"150\" height=\"99\" src=\"https:\/\/archive.sana.sy\/tr\/wp-content\/uploads\/2014\/08\/Spor-2-150x99.jpg\" class=\"attachment-thumbnail size-thumbnail\" alt=\"\" srcset=\"https:\/\/archive.sana.sy\/tr\/wp-content\/uploads\/2014\/08\/Spor-2-150x99.jpg 150w, https:\/\/archive.sana.sy\/tr\/wp-content\/uploads\/2014\/08\/Spor-2-300x199.jpg 300w, https:\/\/archive.sana.sy\/tr\/wp-content\/uploads\/2014\/08\/Spor-2-1024x681.jpg 1024w\" sizes=\"auto, (max-width: 150px) 100vw, 150px\" \/><\/a>\n\t\t\t<\/div><\/figure><figure class='gallery-item'>\n\t\t\t<div class='gallery-icon landscape'>\n\t\t\t\t<a href='https:\/\/archive.sana.sy\/tr\/wp-content\/uploads\/2014\/08\/Spor-3.jpg'><img loading=\"lazy\" decoding=\"async\" width=\"150\" height=\"99\" src=\"https:\/\/archive.sana.sy\/tr\/wp-content\/uploads\/2014\/08\/Spor-3-150x99.jpg\" class=\"attachment-thumbnail size-thumbnail\" alt=\"\" srcset=\"https:\/\/archive.sana.sy\/tr\/wp-content\/uploads\/2014\/08\/Spor-3-150x99.jpg 150w, https:\/\/archive.sana.sy\/tr\/wp-content\/uploads\/2014\/08\/Spor-3-300x199.jpg 300w, https:\/\/archive.sana.sy\/tr\/wp-content\/uploads\/2014\/08\/Spor-3-1024x681.jpg 1024w\" sizes=\"auto, (max-width: 150px) 100vw, 150px\" \/><\/a>\n\t\t\t<\/div><\/figure><figure class='gallery-item'>\n\t\t\t<div class='gallery-icon landscape'>\n\t\t\t\t<a href='https:\/\/archive.sana.sy\/tr\/wp-content\/uploads\/2014\/08\/Spor-4.jpg'><img loading=\"lazy\" decoding=\"async\" width=\"150\" height=\"99\" src=\"https:\/\/archive.sana.sy\/tr\/wp-content\/uploads\/2014\/08\/Spor-4-150x99.jpg\" class=\"attachment-thumbnail size-thumbnail\" alt=\"\" srcset=\"https:\/\/archive.sana.sy\/tr\/wp-content\/uploads\/2014\/08\/Spor-4-150x99.jpg 150w, https:\/\/archive.sana.sy\/tr\/wp-content\/uploads\/2014\/08\/Spor-4-300x199.jpg 300w, https:\/\/archive.sana.sy\/tr\/wp-content\/uploads\/2014\/08\/Spor-4-1024x681.jpg 1024w\" sizes=\"auto, (max-width: 150px) 100vw, 150px\" \/><\/a>\n\t\t\t<\/div><\/figure><figure class='gallery-item'>\n\t\t\t<div class='gallery-icon landscape'>\n\t\t\t\t<a href='https:\/\/archive.sana.sy\/tr\/wp-content\/uploads\/2014\/08\/Spor-5.jpg'><img loading=\"lazy\" decoding=\"async\" width=\"150\" height=\"99\" src=\"https:\/\/archive.sana.sy\/tr\/wp-content\/uploads\/2014\/08\/Spor-5-150x99.jpg\" class=\"attachment-thumbnail size-thumbnail\" alt=\"\" srcset=\"https:\/\/archive.sana.sy\/tr\/wp-content\/uploads\/2014\/08\/Spor-5-150x99.jpg 150w, https:\/\/archive.sana.sy\/tr\/wp-content\/uploads\/2014\/08\/Spor-5-300x199.jpg 300w, https:\/\/archive.sana.sy\/tr\/wp-content\/uploads\/2014\/08\/Spor-5-1024x681.jpg 1024w\" sizes=\"auto, (max-width: 150px) 100vw, 150px\" \/><\/a>\n\t\t\t<\/div><\/figure>\n\t\t<\/div>\n\n","protected":false},"excerpt":{"rendered":"<p>\u015eAM \u2013 \u015eam\u2019daki Te\u015frin Stadyumunda 200 sporcunun kat\u0131l\u0131m\u0131yla d\u00fczenlenen Cumhuriyet Atletizm Turnuvalar\u0131 faaliyetlerini tamamlad\u0131. Gen\u00e7 ve k\u00fc\u00e7\u00fck bayan ve erkek sporcular\u0131n kat\u0131ld\u0131klar\u0131 turnuvalarda yeni maharetler ve yetenekler ke\u015ffedilmesiyle \u00f6n\u00fcm\u00fczdeki s\u00fcre\u00e7 i\u00e7inde b\u00f6lgesel ve uluslar aras\u0131 turnuvalara kat\u0131lacak milli atletizm tak\u0131mlar\u0131m\u0131za muhtelif oyunlarda yeni ve yetenekli sporcular\u0131n i\u015ftirak etme se\u00e7ene\u011fi artm\u0131\u015f oldu.<\/p>\n","protected":false},"author":1,"featured_media":7996,"comment_status":"closed","ping_status":"closed","sticky":false,"template":"","format":"standard","meta":{"footnotes":""},"categories":[496,497],"tags":[1786],"class_list":["post-7995","post","type-post","status-publish","format-standard","has-post-thumbnail","","category-spor","category-yerel-turnuvalar","tag-turnuvalarda-yeni-maharetler-kesfedildi"],"_links":{"self":[{"href":"https:\/\/archive.sana.sy\/tr\/index.php?rest_route=\/wp\/v2\/posts\/7995","targetHints":{"allow":["GET"]}}],"collection":[{"href":"https:\/\/archive.sana.sy\/tr\/index.php?rest_route=\/wp\/v2\/posts"}],"about":[{"href":"https:\/\/archive.sana.sy\/tr\/index.php?rest_route=\/wp\/v2\/types\/post"}],"author":[{"embeddable":true,"href":"https:\/\/archive.sana.sy\/tr\/index.php?rest_route=\/wp\/v2\/users\/1"}],"replies":[{"embeddable":true,"href":"https:\/\/archive.sana.sy\/tr\/index.php?rest_route=%2Fwp%2Fv2%2Fcomments&post=7995"}],"version-history":[{"count":0,"href":"https:\/\/archive.sana.sy\/tr\/index.php?rest_route=\/wp\/v2\/posts\/7995\/revisions"}],"wp:featuredmedia":[{"embeddable":true,"href":"https:\/\/archive.sana.sy\/tr\/index.php?rest_route=\/wp\/v2\/media\/7996"}],"wp:attachment":[{"href":"https:\/\/archive.sana.sy\/tr\/index.php?rest_route=%2Fwp%2Fv2%2Fmedia&parent=7995"}],"wp:term":[{"taxonomy":"category","embeddable":true,"href":"https:\/\/archive.sana.sy\/tr\/index.php?rest_route=%2Fwp%2Fv2%2Fcategories&post=7995"},{"taxonomy":"post_tag","embeddable":true,"href":"https:\/\/archive.sana.sy\/tr\/index.php?rest_route=%2Fwp%2Fv2%2Ftags&post=7995"}],"curies":[{"name":"wp","href":"https:\/\/api.w.org\/{rel}","templated":true}]}}