{"id":80045,"date":"2016-07-20T09:14:26","date_gmt":"2016-07-20T06:14:26","guid":{"rendered":"http:\/\/www.sana.sy\/tr\/?p=80045"},"modified":"2016-07-22T12:38:45","modified_gmt":"2016-07-22T09:38:45","slug":"nurettin-zenki-hareketi-cocugun-kafasini-vahsice-kesti-video","status":"publish","type":"post","link":"https:\/\/archive.sana.sy\/tr\/?p=80045","title":{"rendered":"Nurettin Zenki Hareketi \u00c7ocu\u011fun Kafas\u0131n\u0131 Vah\u015fice Kesti (video)"},"content":{"rendered":"<p>HALEP \u2013 Halep\u2019te Erdo\u011fan rejimine tabi olarak insanl\u0131k d\u0131\u015f\u0131 vah\u015fet estiren ve kimi devletler taraf\u0131ndan \u2018\u0131l\u0131ml\u0131 muhalifler\u2019 ad\u0131 alt\u0131nda desteklenen Nurettin Zenki Hareketi adl\u0131 ter\u00f6r \u00e7eteleri, Filistinli m\u00fcltecilerin ya\u015fad\u0131klar\u0131 Handerat B\u00f6lgesinde Filistinli bir \u00e7ocu\u011fu i\u015fkenceye tutmalar\u0131 ard\u0131ndan \u00e7ocu\u011fun bo\u011faz\u0131n\u0131 kesme videosu yay\u0131nlad\u0131lar.<\/p>\n<p>Muhtelif medya ara\u00e7lar\u0131nda yay\u0131nlanan video g\u00f6r\u00fcnt\u00fclerinde hen\u00fcz 12 ya\u015flar\u0131nda olan \u00e7ocuk, \u2018\u0131l\u0131ml\u0131 muhalifler\u2019 ad\u0131yla desteklenen ter\u00f6ristler taraf\u0131ndan insanl\u0131\u011f\u0131n benzerini nadir g\u00f6rd\u00fc\u011f\u00fc bir vah\u015fetle kafas\u0131 bedeninden ayr\u0131ld\u0131. Video g\u00f6r\u00fcnt\u00fcs\u00fcnde bir pikab\u0131n \u00fcst\u00fcnde g\u00f6r\u00fcnen \u00e7ocu\u011fun bedenindeki kan ve yaralar, kafas\u0131n\u0131 kesmeden \u00f6nce ter\u00f6ristler taraf\u0131ndan maruz kald\u0131\u011f\u0131 i\u015fkenceyi ortaya koyuyor.<\/p>\n<p>Ter\u00f6ristlerin tekbir sesleriyle \u00e7ocu\u011fun kafas\u0131n\u0131 vah\u015fice kestikleri videonun vah\u015feti nedeniyle tamam\u0131n\u0131 yay\u0131nlamak uygun g\u00f6r\u00fclmedi.<\/p>\n<p>https:\/\/www.youtube.com\/watch?v=SfkKk8MuXKs<\/p>\n","protected":false},"excerpt":{"rendered":"<p>HALEP \u2013 Halep\u2019te Erdo\u011fan rejimine tabi olarak insanl\u0131k d\u0131\u015f\u0131 vah\u015fet estiren ve kimi devletler taraf\u0131ndan \u2018\u0131l\u0131ml\u0131 muhalifler\u2019 ad\u0131 alt\u0131nda desteklenen Nurettin Zenki Hareketi adl\u0131 ter\u00f6r \u00e7eteleri, Filistinli m\u00fcltecilerin ya\u015fad\u0131klar\u0131 Handerat B\u00f6lgesinde Filistinli bir \u00e7ocu\u011fu i\u015fkenceye tutmalar\u0131 ard\u0131ndan \u00e7ocu\u011fun bo\u011faz\u0131n\u0131 kesme videosu yay\u0131nlad\u0131lar. Muhtelif medya ara\u00e7lar\u0131nda yay\u0131nlanan video g\u00f6r\u00fcnt\u00fclerinde hen\u00fcz 12 ya\u015flar\u0131nda olan \u00e7ocuk, \u2018\u0131l\u0131ml\u0131 muhalifler\u2019 &hellip;<\/p>\n","protected":false},"author":1,"featured_media":80047,"comment_status":"closed","ping_status":"closed","sticky":false,"template":"","format":"standard","meta":{"footnotes":""},"categories":[479,575,17988,478],"tags":[18237,21585,22514,18347,19043,22182,19325,19034,17320],"class_list":["post-80045","post","type-post","status-publish","format-standard","has-post-thumbnail","","category-haberler-yerel","category-olaylar-ve-gercekler","category-son-haberler","category-yerel","tag-cihatcilar","tag-halepte-son-durum","tag-nurettin-zenki-hareketi","tag-oso","tag-suriyede-son-durum","tag-suriyede-savas","tag-suriyeli-devrimciler","tag-suriyeli-muhalifler","tag-tekfirciler"],"_links":{"self":[{"href":"https:\/\/archive.sana.sy\/tr\/index.php?rest_route=\/wp\/v2\/posts\/80045","targetHints":{"allow":["GET"]}}],"collection":[{"href":"https:\/\/archive.sana.sy\/tr\/index.php?rest_route=\/wp\/v2\/posts"}],"about":[{"href":"https:\/\/archive.sana.sy\/tr\/index.php?rest_route=\/wp\/v2\/types\/post"}],"author":[{"embeddable":true,"href":"https:\/\/archive.sana.sy\/tr\/index.php?rest_route=\/wp\/v2\/users\/1"}],"replies":[{"embeddable":true,"href":"https:\/\/archive.sana.sy\/tr\/index.php?rest_route=%2Fwp%2Fv2%2Fcomments&post=80045"}],"version-history":[{"count":0,"href":"https:\/\/archive.sana.sy\/tr\/index.php?rest_route=\/wp\/v2\/posts\/80045\/revisions"}],"wp:featuredmedia":[{"embeddable":true,"href":"https:\/\/archive.sana.sy\/tr\/index.php?rest_route=\/wp\/v2\/media\/80047"}],"wp:attachment":[{"href":"https:\/\/archive.sana.sy\/tr\/index.php?rest_route=%2Fwp%2Fv2%2Fmedia&parent=80045"}],"wp:term":[{"taxonomy":"category","embeddable":true,"href":"https:\/\/archive.sana.sy\/tr\/index.php?rest_route=%2Fwp%2Fv2%2Fcategories&post=80045"},{"taxonomy":"post_tag","embeddable":true,"href":"https:\/\/archive.sana.sy\/tr\/index.php?rest_route=%2Fwp%2Fv2%2Ftags&post=80045"}],"curies":[{"name":"wp","href":"https:\/\/api.w.org\/{rel}","templated":true}]}}