{"id":80060,"date":"2016-07-20T14:20:09","date_gmt":"2016-07-20T11:20:09","guid":{"rendered":"http:\/\/www.sana.sy\/tr\/?p=80060"},"modified":"2016-07-21T14:59:04","modified_gmt":"2016-07-21T11:59:04","slug":"gorevlerinden-uzaklastirilan-memurlar-yeniden-vazifelerine-donebilir","status":"publish","type":"post","link":"https:\/\/archive.sana.sy\/tr\/?p=80060","title":{"rendered":"G\u00f6revlerinden Uzakla\u015ft\u0131r\u0131lan Memurlar Yeniden Vazifelerine D\u00f6nebilir"},"content":{"rendered":"<p>\u015eAM \u2013 Cumhurba\u015fkan\u0131 Be\u015f\u015far el Esad; kamu kurulu\u015flar\u0131nda \u00e7al\u0131\u015fan ve askerlik hizmetine kat\u0131lma \u00e7a\u011fr\u0131s\u0131na uymamalar\u0131 nedeniyle g\u00f6revlerinden uzakla\u015ft\u0131r\u0131lan memurlar\u0131n yeniden vazifelerini d\u00f6nmelerine izin veren 2016\/14 say\u0131l\u0131 kanunnameyi onaylad\u0131.<\/p>\n<p>Halk Meclisinin 14-07-2016 tarihli oturumunda tart\u0131\u015f\u0131p onaylamas\u0131 ard\u0131ndan cumhurba\u015fkanl\u0131\u011f\u0131 onay\u0131na sevk etti\u011fi kanunnamede; mecburi askerlik hizmetine \u00e7a\u011fr\u0131lan ve bu \u00e7a\u011fr\u0131ya uymayanlara ili\u015fkin 2007\/30 say\u0131l\u0131 yasama karar\u0131n\u0131n 74. Maddesinin 4. F\u0131kras\u0131 kapsam\u0131nda g\u00f6revlerinden uzakla\u015ft\u0131r\u0131lan memurlar Savunma Bakan\u0131 ve memurlar\u0131n tabi olduklar\u0131 kamu kurumunun ba\u011fl\u0131 oldu\u011fu bakan\u0131n \u00f6nerisi \u00fczerine ba\u015fbakan\u0131n karar\u0131yla yeniden g\u00f6reve al\u0131nacaklar. Kanunnamede memurun yeniden g\u00f6revine d\u00f6nmesi i\u00e7in g\u00f6revden uzakla\u015ft\u0131r\u0131ld\u0131\u011f\u0131n\u0131n bildirilmesinden maksimum 30 g\u00fcn s\u00fcre i\u00e7inde mecburi askerlik hizmeti ya da askeri ihtiyata kat\u0131lmas\u0131 veya Ordu ve Silahl\u0131 Kuvvetler Genel Komutanl\u0131\u011f\u0131n\u0131n emirleri kapsam\u0131nda askerlik durumunu d\u00fczeltmesi gerekiyor.<\/p>\n","protected":false},"excerpt":{"rendered":"<p>\u015eAM \u2013 Cumhurba\u015fkan\u0131 Be\u015f\u015far el Esad; kamu kurulu\u015flar\u0131nda \u00e7al\u0131\u015fan ve askerlik hizmetine kat\u0131lma \u00e7a\u011fr\u0131s\u0131na uymamalar\u0131 nedeniyle g\u00f6revlerinden uzakla\u015ft\u0131r\u0131lan memurlar\u0131n yeniden vazifelerini d\u00f6nmelerine izin veren 2016\/14 say\u0131l\u0131 kanunnameyi onaylad\u0131. Halk Meclisinin 14-07-2016 tarihli oturumunda tart\u0131\u015f\u0131p onaylamas\u0131 ard\u0131ndan cumhurba\u015fkanl\u0131\u011f\u0131 onay\u0131na sevk etti\u011fi kanunnamede; mecburi askerlik hizmetine \u00e7a\u011fr\u0131lan ve bu \u00e7a\u011fr\u0131ya uymayanlara ili\u015fkin 2007\/30 say\u0131l\u0131 yasama karar\u0131n\u0131n 74. &hellip;<\/p>\n","protected":false},"author":1,"featured_media":80065,"comment_status":"closed","ping_status":"closed","sticky":false,"template":"","format":"standard","meta":{"footnotes":""},"categories":[479,605,17988,612,599,478],"tags":[17256,22528,18423,16714,22529],"class_list":["post-80060","post","type-post","status-publish","format-standard","has-post-thumbnail","","category-haberler-yerel","category-sayin-cumhurbaskani","category-son-haberler","category-yasama-kararnameler","category-yasama-ve-kanunlar","category-yerel","tag-bessar-el-esad","tag-gorevlerinden-atilan-memurlar","tag-kanunname","tag-yasama-karari","tag-yeniden-gorevlerine-donebilir"],"_links":{"self":[{"href":"https:\/\/archive.sana.sy\/tr\/index.php?rest_route=\/wp\/v2\/posts\/80060","targetHints":{"allow":["GET"]}}],"collection":[{"href":"https:\/\/archive.sana.sy\/tr\/index.php?rest_route=\/wp\/v2\/posts"}],"about":[{"href":"https:\/\/archive.sana.sy\/tr\/index.php?rest_route=\/wp\/v2\/types\/post"}],"author":[{"embeddable":true,"href":"https:\/\/archive.sana.sy\/tr\/index.php?rest_route=\/wp\/v2\/users\/1"}],"replies":[{"embeddable":true,"href":"https:\/\/archive.sana.sy\/tr\/index.php?rest_route=%2Fwp%2Fv2%2Fcomments&post=80060"}],"version-history":[{"count":0,"href":"https:\/\/archive.sana.sy\/tr\/index.php?rest_route=\/wp\/v2\/posts\/80060\/revisions"}],"wp:featuredmedia":[{"embeddable":true,"href":"https:\/\/archive.sana.sy\/tr\/index.php?rest_route=\/wp\/v2\/media\/80065"}],"wp:attachment":[{"href":"https:\/\/archive.sana.sy\/tr\/index.php?rest_route=%2Fwp%2Fv2%2Fmedia&parent=80060"}],"wp:term":[{"taxonomy":"category","embeddable":true,"href":"https:\/\/archive.sana.sy\/tr\/index.php?rest_route=%2Fwp%2Fv2%2Fcategories&post=80060"},{"taxonomy":"post_tag","embeddable":true,"href":"https:\/\/archive.sana.sy\/tr\/index.php?rest_route=%2Fwp%2Fv2%2Ftags&post=80060"}],"curies":[{"name":"wp","href":"https:\/\/api.w.org\/{rel}","templated":true}]}}