{"id":80064,"date":"2016-07-20T14:15:53","date_gmt":"2016-07-20T11:15:53","guid":{"rendered":"http:\/\/www.sana.sy\/tr\/?p=80064"},"modified":"2016-07-22T12:37:45","modified_gmt":"2016-07-22T09:37:45","slug":"mesru-kararlar-ve-kanunlar-cercevesinde-cini-destekliyoruz","status":"publish","type":"post","link":"https:\/\/archive.sana.sy\/tr\/?p=80064","title":{"rendered":"Me\u015fru Kararlar ve Kanunlar \u00c7er\u00e7evesinde \u00c7in\u2019i Destekliyoruz"},"content":{"rendered":"<p>\u015eAM \u2013 D\u0131\u015fi\u015fleri ve Gurbet\u00e7iler Bakanl\u0131\u011f\u0131 Suriye&#8217;nin, \u00c7in Halk Cumhuriyeti h\u00fck\u00fcmetinin yan\u0131nda oldu\u011funu ve G\u00fcney \u00c7in Denizinde uluslar aras\u0131 kanun ve kararlar\u0131n yan\u0131 s\u0131ra BM misak\u0131n\u0131n organize etti\u011fi uluslar aras\u0131 ili\u015fkiler ilkeleri kapsam\u0131nda egemenli\u011fini sa\u011flamas\u0131nda destekledi\u011fini belirtti.<\/p>\n<p>Bakanl\u0131k SANA\u2019n\u0131n bir n\u00fcshas\u0131n\u0131 ald\u0131\u011f\u0131 beyan\u0131nda bug\u00fcn; \u00c7in Halk Cumhuriyetinin kendi topraklar\u0131n\u0131n tamam\u0131 ve G\u00fcney \u00c7in Denizinde \u00e7\u0131kar ve egemenli\u011fini sa\u011flamas\u0131n\u0131n uluslar aras\u0131 kanun ve kararlar\u0131n yan\u0131 s\u0131ra BM misak\u0131n\u0131n tan\u0131d\u0131\u011f\u0131 me\u015fru hakk\u0131 oldu\u011funa dikkat \u00e7ekti. Bu hakk\u0131nda Suriye&#8217;nin uluslar aras\u0131 kararlar ve misaklara \u00f6zeni \u00e7er\u00e7evesinde \u00c7in\u2019i destekledi\u011fini belirten bakanl\u0131k; G\u00fcney \u00c7in denizindeki anla\u015fmazl\u0131klar\u0131n m\u00fczakereler ve diyalog yoluyla \u00e7\u00f6z\u00fclmesi gere\u011fini ifade etti.<\/p>\n","protected":false},"excerpt":{"rendered":"<p>\u015eAM \u2013 D\u0131\u015fi\u015fleri ve Gurbet\u00e7iler Bakanl\u0131\u011f\u0131 Suriye&#8217;nin, \u00c7in Halk Cumhuriyeti h\u00fck\u00fcmetinin yan\u0131nda oldu\u011funu ve G\u00fcney \u00c7in Denizinde uluslar aras\u0131 kanun ve kararlar\u0131n yan\u0131 s\u0131ra BM misak\u0131n\u0131n organize etti\u011fi uluslar aras\u0131 ili\u015fkiler ilkeleri kapsam\u0131nda egemenli\u011fini sa\u011flamas\u0131nda destekledi\u011fini belirtti. Bakanl\u0131k SANA\u2019n\u0131n bir n\u00fcshas\u0131n\u0131 ald\u0131\u011f\u0131 beyan\u0131nda bug\u00fcn; \u00c7in Halk Cumhuriyetinin kendi topraklar\u0131n\u0131n tamam\u0131 ve G\u00fcney \u00c7in Denizinde \u00e7\u0131kar &hellip;<\/p>\n","protected":false},"author":1,"featured_media":76120,"comment_status":"closed","ping_status":"closed","sticky":false,"template":"","format":"standard","meta":{"footnotes":""},"categories":[479,17988,478],"tags":[2420,22530,19844],"class_list":["post-80064","post","type-post","status-publish","format-standard","has-post-thumbnail","","category-haberler-yerel","category-son-haberler","category-yerel","tag-disisleri-bakanligi","tag-guney-cin-denizi","tag-suriye-arap-cumhuriyeti"],"_links":{"self":[{"href":"https:\/\/archive.sana.sy\/tr\/index.php?rest_route=\/wp\/v2\/posts\/80064","targetHints":{"allow":["GET"]}}],"collection":[{"href":"https:\/\/archive.sana.sy\/tr\/index.php?rest_route=\/wp\/v2\/posts"}],"about":[{"href":"https:\/\/archive.sana.sy\/tr\/index.php?rest_route=\/wp\/v2\/types\/post"}],"author":[{"embeddable":true,"href":"https:\/\/archive.sana.sy\/tr\/index.php?rest_route=\/wp\/v2\/users\/1"}],"replies":[{"embeddable":true,"href":"https:\/\/archive.sana.sy\/tr\/index.php?rest_route=%2Fwp%2Fv2%2Fcomments&post=80064"}],"version-history":[{"count":0,"href":"https:\/\/archive.sana.sy\/tr\/index.php?rest_route=\/wp\/v2\/posts\/80064\/revisions"}],"wp:featuredmedia":[{"embeddable":true,"href":"https:\/\/archive.sana.sy\/tr\/index.php?rest_route=\/wp\/v2\/media\/76120"}],"wp:attachment":[{"href":"https:\/\/archive.sana.sy\/tr\/index.php?rest_route=%2Fwp%2Fv2%2Fmedia&parent=80064"}],"wp:term":[{"taxonomy":"category","embeddable":true,"href":"https:\/\/archive.sana.sy\/tr\/index.php?rest_route=%2Fwp%2Fv2%2Fcategories&post=80064"},{"taxonomy":"post_tag","embeddable":true,"href":"https:\/\/archive.sana.sy\/tr\/index.php?rest_route=%2Fwp%2Fv2%2Ftags&post=80064"}],"curies":[{"name":"wp","href":"https:\/\/api.w.org\/{rel}","templated":true}]}}