{"id":80094,"date":"2016-07-20T16:39:22","date_gmt":"2016-07-20T13:39:22","guid":{"rendered":"http:\/\/www.sana.sy\/tr\/?p=80094"},"modified":"2016-07-22T12:37:36","modified_gmt":"2016-07-22T09:37:36","slug":"modern-yeni-techizatlar-gonderilecek","status":"publish","type":"post","link":"https:\/\/archive.sana.sy\/tr\/?p=80094","title":{"rendered":"Modern Yeni Te\u00e7hizatlar G\u00f6nderilecek"},"content":{"rendered":"<p>\u015eAM \u2013 Sa\u011fl\u0131k Bakan\u0131 Nizar Yaz\u0131c\u0131; muhtelif b\u00f6lgelerde sa\u011fl\u0131k hizmetlerinin nitelik ve nicelik olarak iyile\u015ftirilmesi amac\u0131yla \u00f6n\u00fcm\u00fczdeki g\u00fcnlerde bir\u00e7ok hastaneye nitelikli t\u0131bbi te\u00e7hizatlar ve ambulans ara\u00e7lar\u0131 g\u00f6nderilece\u011fini a\u00e7\u0131klad\u0131.<\/p>\n<p><a href=\"http:\/\/www.sana.sy\/tr\/wp-content\/uploads\/2016\/07\/Sa\u011fl\u0131k-Bakan\u0131-1.jpg\"><img loading=\"lazy\" decoding=\"async\" class=\"alignright wp-image-80100 size-medium\" src=\"http:\/\/www.sana.sy\/tr\/wp-content\/uploads\/2016\/07\/Sa\u011fl\u0131k-Bakan\u0131-1-300x185.jpg\" alt=\"Sa\u011fl\u0131k Bakan\u0131 1\" width=\"300\" height=\"185\" srcset=\"https:\/\/archive.sana.sy\/tr\/wp-content\/uploads\/2016\/07\/Sa\u011fl\u0131k-Bakan\u0131-1-300x185.jpg 300w, https:\/\/archive.sana.sy\/tr\/wp-content\/uploads\/2016\/07\/Sa\u011fl\u0131k-Bakan\u0131-1-150x93.jpg 150w, https:\/\/archive.sana.sy\/tr\/wp-content\/uploads\/2016\/07\/Sa\u011fl\u0131k-Bakan\u0131-1-768x474.jpg 768w, https:\/\/archive.sana.sy\/tr\/wp-content\/uploads\/2016\/07\/Sa\u011fl\u0131k-Bakan\u0131-1-1024x631.jpg 1024w\" sizes=\"auto, (max-width: 300px) 100vw, 300px\" \/><\/a>Merkez idare m\u00fcd\u00fcrleri ile bug\u00fcn bir araya gelen Bakan Yaz\u0131c\u0131; ter\u00f6r eylemleri nedeniyle sa\u011fl\u0131k sekt\u00f6r\u00fcn\u00fcn u\u011frad\u0131\u011f\u0131 hasar\u0131 telafi etme y\u00f6n\u00fcnde harcanan \u00e7abalara dikkat \u00e7ekti. Bakan Yaz\u0131c\u0131 sa\u011fl\u0131k sekt\u00f6r\u00fcnde \u00e7al\u0131\u015fan personeller ve t\u0131bbi ekipmanlar\u0131n vatanda\u015flar\u0131n t\u00fcm t\u0131bbi gereksinimlerinin kar\u015f\u0131lanmas\u0131 amac\u0131yla en iyi \u015fekilde kullan\u0131lmas\u0131 \u00e7a\u011fr\u0131s\u0131nda bulundu.<\/p>\n<p>Sa\u011flanan ilerlemenin tespit edilip peki\u015ftirilmesi amac\u0131yla t\u00fcm sa\u011fl\u0131k merkezleri ve kurumlar\u0131nda ayl\u0131k periyodik olarak de\u011ferlendirme raporlar\u0131 haz\u0131rlanmas\u0131 gere\u011fine vurgu yapan Bakan Yaz\u0131c\u0131; eksiklerin giderilmesi ve hizmetin iyile\u015ftirilmesinde bu raporlar\u0131n \u00f6nemine i\u015faret etti.<\/p>\n<p>D\u0131\u015f destekli ter\u00f6r \u00f6rg\u00fctlerin sa\u011fl\u0131k sekt\u00f6r\u00fcn\u00fc sistematik bir \u015fekilde hedef almalar\u0131 sonucunda 2016 May\u0131s ay\u0131na dek haz\u0131rlanan istatistiklere g\u00f6re bu sekt\u00f6rde \u00e7al\u0131\u015fan 257 sa\u011fl\u0131k personeli \u015fehit, 180 personel de yaral\u0131 d\u00fc\u015ferken, 33 hastane, 603 sa\u011fl\u0131k merkezi ve 400\u2019den fazla ambulans arac\u0131 hizmet d\u0131\u015f\u0131 kald\u0131.<\/p>\n","protected":false},"excerpt":{"rendered":"<p>\u015eAM \u2013 Sa\u011fl\u0131k Bakan\u0131 Nizar Yaz\u0131c\u0131; muhtelif b\u00f6lgelerde sa\u011fl\u0131k hizmetlerinin nitelik ve nicelik olarak iyile\u015ftirilmesi amac\u0131yla \u00f6n\u00fcm\u00fczdeki g\u00fcnlerde bir\u00e7ok hastaneye nitelikli t\u0131bbi te\u00e7hizatlar ve ambulans ara\u00e7lar\u0131 g\u00f6nderilece\u011fini a\u00e7\u0131klad\u0131. Merkez idare m\u00fcd\u00fcrleri ile bug\u00fcn bir araya gelen Bakan Yaz\u0131c\u0131; ter\u00f6r eylemleri nedeniyle sa\u011fl\u0131k sekt\u00f6r\u00fcn\u00fcn u\u011frad\u0131\u011f\u0131 hasar\u0131 telafi etme y\u00f6n\u00fcnde harcanan \u00e7abalara dikkat \u00e7ekti. Bakan Yaz\u0131c\u0131 sa\u011fl\u0131k &hellip;<\/p>\n","protected":false},"author":1,"featured_media":80099,"comment_status":"closed","ping_status":"closed","sticky":false,"template":"","format":"standard","meta":{"footnotes":""},"categories":[479,17988,478],"tags":[22539,16895],"class_list":["post-80094","post","type-post","status-publish","format-standard","has-post-thumbnail","","category-haberler-yerel","category-son-haberler","category-yerel","tag-modern-yeni-techizatlar-gonderilecek","tag-saglik-bakani-nizar-yazici"],"_links":{"self":[{"href":"https:\/\/archive.sana.sy\/tr\/index.php?rest_route=\/wp\/v2\/posts\/80094","targetHints":{"allow":["GET"]}}],"collection":[{"href":"https:\/\/archive.sana.sy\/tr\/index.php?rest_route=\/wp\/v2\/posts"}],"about":[{"href":"https:\/\/archive.sana.sy\/tr\/index.php?rest_route=\/wp\/v2\/types\/post"}],"author":[{"embeddable":true,"href":"https:\/\/archive.sana.sy\/tr\/index.php?rest_route=\/wp\/v2\/users\/1"}],"replies":[{"embeddable":true,"href":"https:\/\/archive.sana.sy\/tr\/index.php?rest_route=%2Fwp%2Fv2%2Fcomments&post=80094"}],"version-history":[{"count":0,"href":"https:\/\/archive.sana.sy\/tr\/index.php?rest_route=\/wp\/v2\/posts\/80094\/revisions"}],"wp:featuredmedia":[{"embeddable":true,"href":"https:\/\/archive.sana.sy\/tr\/index.php?rest_route=\/wp\/v2\/media\/80099"}],"wp:attachment":[{"href":"https:\/\/archive.sana.sy\/tr\/index.php?rest_route=%2Fwp%2Fv2%2Fmedia&parent=80094"}],"wp:term":[{"taxonomy":"category","embeddable":true,"href":"https:\/\/archive.sana.sy\/tr\/index.php?rest_route=%2Fwp%2Fv2%2Fcategories&post=80094"},{"taxonomy":"post_tag","embeddable":true,"href":"https:\/\/archive.sana.sy\/tr\/index.php?rest_route=%2Fwp%2Fv2%2Ftags&post=80094"}],"curies":[{"name":"wp","href":"https:\/\/api.w.org\/{rel}","templated":true}]}}