{"id":80145,"date":"2016-07-20T17:38:36","date_gmt":"2016-07-20T14:38:36","guid":{"rendered":"http:\/\/www.sana.sy\/tr\/?p=80145"},"modified":"2016-07-20T17:32:57","modified_gmt":"2016-07-20T14:32:57","slug":"bm-ve-bmgkden-suriye-halki-ve-suriyede-yasayan-filistinli-multecilere-karsi-islenen-bu-vahsetlerin-net-bir-sekilde-kinanmasini-talep-eden-bakanlik-henuz-omrunun-baharinda-olan-12-yaslarind","status":"publish","type":"post","link":"https:\/\/archive.sana.sy\/tr\/?p=80145","title":{"rendered":"BM ve BMGK\u2019den Suriye halk\u0131 ve Suriye&#8217;de ya\u015fayan Filistinli m\u00fcltecilere kar\u015f\u0131 i\u015flenen bu vah\u015fetlerin net bir \u015fekilde k\u0131nanmas\u0131n\u0131 talep eden bakanl\u0131k; hen\u00fcz \u00f6mr\u00fcn\u00fcn bahar\u0131nda olan 12 ya\u015flar\u0131ndaki Filistinli \u00e7ocu\u011fa y\u00f6nelik bu vah\u015fetin t\u00fcyleri \u00fcrperten bir canilik oldu\u011funu ifade etti"},"content":{"rendered":"<p>BM ve BMGK\u2019den Suriye halk\u0131 ve Suriye&#8217;de ya\u015fayan Filistinli m\u00fcltecilere kar\u015f\u0131 i\u015flenen bu vah\u015fetlerin net bir \u015fekilde k\u0131nanmas\u0131n\u0131 talep eden bakanl\u0131k; hen\u00fcz \u00f6mr\u00fcn\u00fcn bahar\u0131nda olan 12 ya\u015flar\u0131ndaki Filistinli \u00e7ocu\u011fa y\u00f6nelik bu vah\u015fetin t\u00fcyleri \u00fcrperten bir canilik oldu\u011funu ifade etti<\/p>\n","protected":false},"excerpt":{"rendered":"<p>BM ve BMGK\u2019den Suriye halk\u0131 ve Suriye&#8217;de ya\u015fayan Filistinli m\u00fcltecilere kar\u015f\u0131 i\u015flenen bu vah\u015fetlerin net bir \u015fekilde k\u0131nanmas\u0131n\u0131 talep eden bakanl\u0131k; hen\u00fcz \u00f6mr\u00fcn\u00fcn bahar\u0131nda olan 12 ya\u015flar\u0131ndaki Filistinli \u00e7ocu\u011fa y\u00f6nelik bu vah\u015fetin t\u00fcyleri \u00fcrperten bir canilik oldu\u011funu ifade etti<\/p>\n","protected":false},"author":1,"featured_media":0,"comment_status":"closed","ping_status":"closed","sticky":false,"template":"","format":"standard","meta":{"footnotes":""},"categories":[17991],"tags":[],"class_list":["post-80145","post","type-post","status-publish","format-standard","","category-son-dakika"],"_links":{"self":[{"href":"https:\/\/archive.sana.sy\/tr\/index.php?rest_route=\/wp\/v2\/posts\/80145","targetHints":{"allow":["GET"]}}],"collection":[{"href":"https:\/\/archive.sana.sy\/tr\/index.php?rest_route=\/wp\/v2\/posts"}],"about":[{"href":"https:\/\/archive.sana.sy\/tr\/index.php?rest_route=\/wp\/v2\/types\/post"}],"author":[{"embeddable":true,"href":"https:\/\/archive.sana.sy\/tr\/index.php?rest_route=\/wp\/v2\/users\/1"}],"replies":[{"embeddable":true,"href":"https:\/\/archive.sana.sy\/tr\/index.php?rest_route=%2Fwp%2Fv2%2Fcomments&post=80145"}],"version-history":[{"count":0,"href":"https:\/\/archive.sana.sy\/tr\/index.php?rest_route=\/wp\/v2\/posts\/80145\/revisions"}],"wp:attachment":[{"href":"https:\/\/archive.sana.sy\/tr\/index.php?rest_route=%2Fwp%2Fv2%2Fmedia&parent=80145"}],"wp:term":[{"taxonomy":"category","embeddable":true,"href":"https:\/\/archive.sana.sy\/tr\/index.php?rest_route=%2Fwp%2Fv2%2Fcategories&post=80145"},{"taxonomy":"post_tag","embeddable":true,"href":"https:\/\/archive.sana.sy\/tr\/index.php?rest_route=%2Fwp%2Fv2%2Ftags&post=80145"}],"curies":[{"name":"wp","href":"https:\/\/api.w.org\/{rel}","templated":true}]}}