{"id":80149,"date":"2016-07-20T17:40:34","date_gmt":"2016-07-20T14:40:34","guid":{"rendered":"http:\/\/www.sana.sy\/tr\/?p=80149"},"modified":"2016-07-20T17:41:52","modified_gmt":"2016-07-20T14:41:52","slug":"basta-nurettin-zenki-hareketi-olmak-uzere-teroristleri-destekleyen-devletlerin-artik-herkes-tarafindan-bilindigine-vurgu-yapan-bakanlik-daha-once-gonderdigi-resmi-mektuplarda-turkiy","status":"publish","type":"post","link":"https:\/\/archive.sana.sy\/tr\/?p=80149","title":{"rendered":"Ba\u015fta \u2018Nurettin Zenki Hareketi\u2019 olmak \u00fczere ter\u00f6ristleri destekleyen devletlerin art\u0131k herkes taraf\u0131ndan bilindi\u011fine vurgu yapan bakanl\u0131k; daha \u00f6nce g\u00f6nderdi\u011fi resmi mektuplarda T\u00fcrkiye ve Suudi Arabistan rejimlerinin muhtelif t\u00fcr askeri, lojistik ve maddi deste\u011finin yan\u0131 s\u0131ra bu ter\u00f6r \u00f6rg\u00fctlere y\u00f6nlendirmelerde bulunduklar\u0131n\u0131n da belgelerle ifade edildi\u011fine i\u015faret etti"},"content":{"rendered":"<p>Ba\u015fta \u2018Nurettin Zenki Hareketi\u2019 olmak \u00fczere ter\u00f6ristleri destekleyen devletlerin art\u0131k herkes taraf\u0131ndan bilindi\u011fine vurgu yapan bakanl\u0131k; daha \u00f6nce g\u00f6nderdi\u011fi resmi mektuplarda T\u00fcrkiye ve Suudi Arabistan rejimlerinin muhtelif t\u00fcr askeri, lojistik ve maddi deste\u011finin yan\u0131 s\u0131ra bu ter\u00f6r \u00f6rg\u00fctlere y\u00f6nlendirmelerde bulunduklar\u0131n\u0131n da belgelerle ifade edildi\u011fine i\u015faret etti<\/p>\n","protected":false},"excerpt":{"rendered":"<p>Ba\u015fta \u2018Nurettin Zenki Hareketi\u2019 olmak \u00fczere ter\u00f6ristleri destekleyen devletlerin art\u0131k herkes taraf\u0131ndan bilindi\u011fine vurgu yapan bakanl\u0131k; daha \u00f6nce g\u00f6nderdi\u011fi resmi mektuplarda T\u00fcrkiye ve Suudi Arabistan rejimlerinin muhtelif t\u00fcr askeri, lojistik ve maddi deste\u011finin yan\u0131 s\u0131ra bu ter\u00f6r \u00f6rg\u00fctlere y\u00f6nlendirmelerde bulunduklar\u0131n\u0131n da belgelerle ifade edildi\u011fine i\u015faret etti<\/p>\n","protected":false},"author":1,"featured_media":0,"comment_status":"closed","ping_status":"closed","sticky":false,"template":"","format":"standard","meta":{"footnotes":""},"categories":[17991],"tags":[],"class_list":["post-80149","post","type-post","status-publish","format-standard","","category-son-dakika"],"_links":{"self":[{"href":"https:\/\/archive.sana.sy\/tr\/index.php?rest_route=\/wp\/v2\/posts\/80149","targetHints":{"allow":["GET"]}}],"collection":[{"href":"https:\/\/archive.sana.sy\/tr\/index.php?rest_route=\/wp\/v2\/posts"}],"about":[{"href":"https:\/\/archive.sana.sy\/tr\/index.php?rest_route=\/wp\/v2\/types\/post"}],"author":[{"embeddable":true,"href":"https:\/\/archive.sana.sy\/tr\/index.php?rest_route=\/wp\/v2\/users\/1"}],"replies":[{"embeddable":true,"href":"https:\/\/archive.sana.sy\/tr\/index.php?rest_route=%2Fwp%2Fv2%2Fcomments&post=80149"}],"version-history":[{"count":0,"href":"https:\/\/archive.sana.sy\/tr\/index.php?rest_route=\/wp\/v2\/posts\/80149\/revisions"}],"wp:attachment":[{"href":"https:\/\/archive.sana.sy\/tr\/index.php?rest_route=%2Fwp%2Fv2%2Fmedia&parent=80149"}],"wp:term":[{"taxonomy":"category","embeddable":true,"href":"https:\/\/archive.sana.sy\/tr\/index.php?rest_route=%2Fwp%2Fv2%2Fcategories&post=80149"},{"taxonomy":"post_tag","embeddable":true,"href":"https:\/\/archive.sana.sy\/tr\/index.php?rest_route=%2Fwp%2Fv2%2Ftags&post=80149"}],"curies":[{"name":"wp","href":"https:\/\/api.w.org\/{rel}","templated":true}]}}