{"id":80161,"date":"2016-07-20T17:30:26","date_gmt":"2016-07-20T14:30:26","guid":{"rendered":"http:\/\/www.sana.sy\/tr\/?p=80161"},"modified":"2016-07-21T12:14:02","modified_gmt":"2016-07-21T09:14:02","slug":"teroristler-ve-medyalari-yalanlarina-devam-ediyor","status":"publish","type":"post","link":"https:\/\/archive.sana.sy\/tr\/?p=80161","title":{"rendered":"Ter\u00f6ristler ve Medyalar\u0131 Yalanlar\u0131na Devam Ediyor"},"content":{"rendered":"<p>HALEP \u2013 Halep \u0130l Emniyet M\u00fcd\u00fcrl\u00fc\u011f\u00fcnde yetkili bir kaynak; Halep Kentinin g\u00fcney kenarlar\u0131nda durumlar\u0131n gayet normal oldu\u011funu, Ramuse yolu \u00fczerinde de trafik seyrinin do\u011fal bir \u015fekilde y\u00fcr\u00fcd\u00fc\u011f\u00fcn\u00fc belirtti.<\/p>\n<p>Bug\u00fcn SANA\u2019ya a\u00e7\u0131klamas\u0131nda kaynak ter\u00f6r \u00f6rg\u00fctleri ve yanda\u015flar\u0131 bir k\u0131s\u0131m medya ara\u00e7lar\u0131n\u0131n ter\u00f6ristlerin b\u00f6lgede ilerledikleri ve yolu kestikleri y\u00f6n\u00fcndeki haberlerin hi\u00e7bir asl\u0131 fasl\u0131 olmad\u0131\u011f\u0131n\u0131 vurgulad\u0131. Ter\u00f6ristlerin g\u00fcn\u00fcn erken saatlerinde yol \u00fczerinden ge\u00e7en bir vatanda\u015f\u0131 keskin ni\u015fanc\u0131 ate\u015fiyle hedef al\u0131p yaralad\u0131klar\u0131n\u0131 s\u00f6yleyen kaynak, fakat ter\u00f6ristlerin b\u00f6lgede ilerledikleri ve kontrole ge\u00e7irdikleri haberlerinin c\u00fcmleten as\u0131ls\u0131z oldu\u011funu s\u00f6yledi.<\/p>\n<p>Kaynak ter\u00f6ristlerin Halep ve k\u0131rsal\u0131nda u\u011frad\u0131klar\u0131 b\u00fcy\u00fck kay\u0131plara dikkat \u00e7ekerken, ter\u00f6r yanl\u0131s\u0131 medya ara\u00e7lar\u0131n\u0131n bu \u00e7etelerin psikolojilerini y\u00fckseltmek amac\u0131yla bu gibi as\u0131ls\u0131z haberlere ba\u015fvurduklar\u0131n\u0131 s\u00f6yledi.<\/p>\n","protected":false},"excerpt":{"rendered":"<p>HALEP \u2013 Halep \u0130l Emniyet M\u00fcd\u00fcrl\u00fc\u011f\u00fcnde yetkili bir kaynak; Halep Kentinin g\u00fcney kenarlar\u0131nda durumlar\u0131n gayet normal oldu\u011funu, Ramuse yolu \u00fczerinde de trafik seyrinin do\u011fal bir \u015fekilde y\u00fcr\u00fcd\u00fc\u011f\u00fcn\u00fc belirtti. Bug\u00fcn SANA\u2019ya a\u00e7\u0131klamas\u0131nda kaynak ter\u00f6r \u00f6rg\u00fctleri ve yanda\u015flar\u0131 bir k\u0131s\u0131m medya ara\u00e7lar\u0131n\u0131n ter\u00f6ristlerin b\u00f6lgede ilerledikleri ve yolu kestikleri y\u00f6n\u00fcndeki haberlerin hi\u00e7bir asl\u0131 fasl\u0131 olmad\u0131\u011f\u0131n\u0131 vurgulad\u0131. Ter\u00f6ristlerin g\u00fcn\u00fcn &hellip;<\/p>\n","protected":false},"author":1,"featured_media":80163,"comment_status":"closed","ping_status":"closed","sticky":false,"template":"","format":"standard","meta":{"footnotes":""},"categories":[479,17988,478],"tags":[22546,22547,22545],"class_list":["post-80161","post","type-post","status-publish","format-standard","has-post-thumbnail","","category-haberler-yerel","category-son-haberler","category-yerel","tag-halep-il-emniyet-mudurlugunde-yetkili-bir-kaynak-halep-kentinin-guney-kenarlarinda-durumlarin-gayet-normal-oldugunu","tag-ramuse-yolu-uzerinde-de-trafik-seyrinin-dogal-bir-sekilde-yurudugunu-belirtti","tag-teroristler-ve-medyalari-yalanlarina-devam-ediyor"],"_links":{"self":[{"href":"https:\/\/archive.sana.sy\/tr\/index.php?rest_route=\/wp\/v2\/posts\/80161","targetHints":{"allow":["GET"]}}],"collection":[{"href":"https:\/\/archive.sana.sy\/tr\/index.php?rest_route=\/wp\/v2\/posts"}],"about":[{"href":"https:\/\/archive.sana.sy\/tr\/index.php?rest_route=\/wp\/v2\/types\/post"}],"author":[{"embeddable":true,"href":"https:\/\/archive.sana.sy\/tr\/index.php?rest_route=\/wp\/v2\/users\/1"}],"replies":[{"embeddable":true,"href":"https:\/\/archive.sana.sy\/tr\/index.php?rest_route=%2Fwp%2Fv2%2Fcomments&post=80161"}],"version-history":[{"count":0,"href":"https:\/\/archive.sana.sy\/tr\/index.php?rest_route=\/wp\/v2\/posts\/80161\/revisions"}],"wp:featuredmedia":[{"embeddable":true,"href":"https:\/\/archive.sana.sy\/tr\/index.php?rest_route=\/wp\/v2\/media\/80163"}],"wp:attachment":[{"href":"https:\/\/archive.sana.sy\/tr\/index.php?rest_route=%2Fwp%2Fv2%2Fmedia&parent=80161"}],"wp:term":[{"taxonomy":"category","embeddable":true,"href":"https:\/\/archive.sana.sy\/tr\/index.php?rest_route=%2Fwp%2Fv2%2Fcategories&post=80161"},{"taxonomy":"post_tag","embeddable":true,"href":"https:\/\/archive.sana.sy\/tr\/index.php?rest_route=%2Fwp%2Fv2%2Ftags&post=80161"}],"curies":[{"name":"wp","href":"https:\/\/api.w.org\/{rel}","templated":true}]}}