{"id":80173,"date":"2016-07-20T18:00:16","date_gmt":"2016-07-20T15:00:16","guid":{"rendered":"http:\/\/www.sana.sy\/tr\/?p=80173"},"modified":"2016-07-21T11:56:51","modified_gmt":"2016-07-21T08:56:51","slug":"acik-ogretim-sinavlari-ile-ilgili-hazirliklar-suruyor","status":"publish","type":"post","link":"https:\/\/archive.sana.sy\/tr\/?p=80173","title":{"rendered":"A\u00e7\u0131k \u00d6\u011fretim S\u0131navlar\u0131 \u0130le \u0130lgili Haz\u0131rl\u0131klar S\u00fcr\u00fcyor"},"content":{"rendered":"<p>\u015eAM \u2013 \u015eam \u00dcniversitesi \u00f6n\u00fcm\u00fczdeki hafta ba\u015flamas\u0131 planlanan A\u00e7\u0131k \u00d6\u011fretim 2016-2017 e\u011fitim \u00f6\u011fretim d\u00f6nemi s\u0131navlar\u0131 ile ilgili haz\u0131rl\u0131klar\u0131n\u0131 s\u00fcrd\u00fcr\u00fcyor.<\/p>\n<p>\u015eam \u00dcniversitesi A\u00e7\u0131k \u00d6\u011fretim \u0130\u015flerinden Sorumlu Rekt\u00f6r Yard\u0131mc\u0131s\u0131 Safa Otani, SANA\u2019ya yapt\u0131\u011f\u0131 a\u00e7\u0131klamada A\u00e7\u0131k \u00d6\u011fretime kay\u0131t yapan \u00f6\u011frenci say\u0131s\u0131n\u0131n 18587\u2019ye ula\u015ft\u0131\u011f\u0131n\u0131 ifade ederek A\u00e7\u0131k \u00d6\u011fretimin Muhasebe, Terc\u00fcmanl\u0131k, Bas\u0131n-Yay\u0131n, Proje Y\u00f6netimi, \u00c7ocuk Geli\u015fimi, Uluslararas\u0131 Ara\u015ft\u0131rma ve daha bir\u00e7ok b\u00f6l\u00fcm\u00fc kapsad\u0131\u011f\u0131n\u0131 belirtti.<\/p>\n","protected":false},"excerpt":{"rendered":"<p>\u015eAM \u2013 \u015eam \u00dcniversitesi \u00f6n\u00fcm\u00fczdeki hafta ba\u015flamas\u0131 planlanan A\u00e7\u0131k \u00d6\u011fretim 2016-2017 e\u011fitim \u00f6\u011fretim d\u00f6nemi s\u0131navlar\u0131 ile ilgili haz\u0131rl\u0131klar\u0131n\u0131 s\u00fcrd\u00fcr\u00fcyor. \u015eam \u00dcniversitesi A\u00e7\u0131k \u00d6\u011fretim \u0130\u015flerinden Sorumlu Rekt\u00f6r Yard\u0131mc\u0131s\u0131 Safa Otani, SANA\u2019ya yapt\u0131\u011f\u0131 a\u00e7\u0131klamada A\u00e7\u0131k \u00d6\u011fretime kay\u0131t yapan \u00f6\u011frenci say\u0131s\u0131n\u0131n 18587\u2019ye ula\u015ft\u0131\u011f\u0131n\u0131 ifade ederek A\u00e7\u0131k \u00d6\u011fretimin Muhasebe, Terc\u00fcmanl\u0131k, Bas\u0131n-Yay\u0131n, Proje Y\u00f6netimi, \u00c7ocuk Geli\u015fimi, Uluslararas\u0131 Ara\u015ft\u0131rma ve daha &hellip;<\/p>\n","protected":false},"author":1,"featured_media":80174,"comment_status":"closed","ping_status":"closed","sticky":false,"template":"","format":"standard","meta":{"footnotes":""},"categories":[479,17988,478],"tags":[22554,18782,19123],"class_list":["post-80173","post","type-post","status-publish","format-standard","has-post-thumbnail","","category-haberler-yerel","category-son-haberler","category-yerel","tag-acik-ogretim","tag-sam-universitesi","tag-universite-sinavlari"],"_links":{"self":[{"href":"https:\/\/archive.sana.sy\/tr\/index.php?rest_route=\/wp\/v2\/posts\/80173","targetHints":{"allow":["GET"]}}],"collection":[{"href":"https:\/\/archive.sana.sy\/tr\/index.php?rest_route=\/wp\/v2\/posts"}],"about":[{"href":"https:\/\/archive.sana.sy\/tr\/index.php?rest_route=\/wp\/v2\/types\/post"}],"author":[{"embeddable":true,"href":"https:\/\/archive.sana.sy\/tr\/index.php?rest_route=\/wp\/v2\/users\/1"}],"replies":[{"embeddable":true,"href":"https:\/\/archive.sana.sy\/tr\/index.php?rest_route=%2Fwp%2Fv2%2Fcomments&post=80173"}],"version-history":[{"count":0,"href":"https:\/\/archive.sana.sy\/tr\/index.php?rest_route=\/wp\/v2\/posts\/80173\/revisions"}],"wp:featuredmedia":[{"embeddable":true,"href":"https:\/\/archive.sana.sy\/tr\/index.php?rest_route=\/wp\/v2\/media\/80174"}],"wp:attachment":[{"href":"https:\/\/archive.sana.sy\/tr\/index.php?rest_route=%2Fwp%2Fv2%2Fmedia&parent=80173"}],"wp:term":[{"taxonomy":"category","embeddable":true,"href":"https:\/\/archive.sana.sy\/tr\/index.php?rest_route=%2Fwp%2Fv2%2Fcategories&post=80173"},{"taxonomy":"post_tag","embeddable":true,"href":"https:\/\/archive.sana.sy\/tr\/index.php?rest_route=%2Fwp%2Fv2%2Ftags&post=80173"}],"curies":[{"name":"wp","href":"https:\/\/api.w.org\/{rel}","templated":true}]}}