{"id":80194,"date":"2016-07-21T11:30:35","date_gmt":"2016-07-21T08:30:35","guid":{"rendered":"http:\/\/www.sana.sy\/tr\/?p=80194"},"modified":"2016-07-21T13:06:26","modified_gmt":"2016-07-21T10:06:26","slug":"kaynak-gerceklestirilen-nitelikli-operasyonlarda-nusra-cephesinin-bir-dizi-mevkiinin-yani-sira-bir-kismi-agir-silahlarla-donatilmis-bircok-arac-ve-cok-sayida-motosikletin-tasidiklari-teroristlerle-bir","status":"publish","type":"post","link":"https:\/\/archive.sana.sy\/tr\/?p=80194","title":{"rendered":"Kaynak ger\u00e7ekle\u015ftirilen nitelikli operasyonlarda Nusra Cephesinin bir dizi mevkiinin yan\u0131 s\u0131ra bir k\u0131sm\u0131 a\u011f\u0131r silahlarla donat\u0131lm\u0131\u015f bir\u00e7ok ara\u00e7 ve \u00e7ok say\u0131da motosikletin ta\u015f\u0131d\u0131klar\u0131 ter\u00f6ristlerle birlikte imha edildiklerini ifade etti"},"content":{"rendered":"<p>Kaynak ger\u00e7ekle\u015ftirilen nitelikli operasyonlarda Nusra Cephesinin bir dizi mevkiinin yan\u0131 s\u0131ra bir k\u0131sm\u0131 a\u011f\u0131r silahlarla donat\u0131lm\u0131\u015f bir\u00e7ok ara\u00e7 ve \u00e7ok say\u0131da motosikletin ta\u015f\u0131d\u0131klar\u0131 ter\u00f6ristlerle birlikte imha edildiklerini ifade etti<\/p>\n","protected":false},"excerpt":{"rendered":"<p>Kaynak ger\u00e7ekle\u015ftirilen nitelikli operasyonlarda Nusra Cephesinin bir dizi mevkiinin yan\u0131 s\u0131ra bir k\u0131sm\u0131 a\u011f\u0131r silahlarla donat\u0131lm\u0131\u015f bir\u00e7ok ara\u00e7 ve \u00e7ok say\u0131da motosikletin ta\u015f\u0131d\u0131klar\u0131 ter\u00f6ristlerle birlikte imha edildiklerini ifade etti<\/p>\n","protected":false},"author":1,"featured_media":0,"comment_status":"closed","ping_status":"closed","sticky":false,"template":"","format":"standard","meta":{"footnotes":""},"categories":[17991],"tags":[],"class_list":["post-80194","post","type-post","status-publish","format-standard","","category-son-dakika"],"_links":{"self":[{"href":"https:\/\/archive.sana.sy\/tr\/index.php?rest_route=\/wp\/v2\/posts\/80194","targetHints":{"allow":["GET"]}}],"collection":[{"href":"https:\/\/archive.sana.sy\/tr\/index.php?rest_route=\/wp\/v2\/posts"}],"about":[{"href":"https:\/\/archive.sana.sy\/tr\/index.php?rest_route=\/wp\/v2\/types\/post"}],"author":[{"embeddable":true,"href":"https:\/\/archive.sana.sy\/tr\/index.php?rest_route=\/wp\/v2\/users\/1"}],"replies":[{"embeddable":true,"href":"https:\/\/archive.sana.sy\/tr\/index.php?rest_route=%2Fwp%2Fv2%2Fcomments&post=80194"}],"version-history":[{"count":0,"href":"https:\/\/archive.sana.sy\/tr\/index.php?rest_route=\/wp\/v2\/posts\/80194\/revisions"}],"wp:attachment":[{"href":"https:\/\/archive.sana.sy\/tr\/index.php?rest_route=%2Fwp%2Fv2%2Fmedia&parent=80194"}],"wp:term":[{"taxonomy":"category","embeddable":true,"href":"https:\/\/archive.sana.sy\/tr\/index.php?rest_route=%2Fwp%2Fv2%2Fcategories&post=80194"},{"taxonomy":"post_tag","embeddable":true,"href":"https:\/\/archive.sana.sy\/tr\/index.php?rest_route=%2Fwp%2Fv2%2Ftags&post=80194"}],"curies":[{"name":"wp","href":"https:\/\/api.w.org\/{rel}","templated":true}]}}