{"id":80205,"date":"2016-07-21T11:26:58","date_gmt":"2016-07-21T08:26:58","guid":{"rendered":"http:\/\/www.sana.sy\/tr\/?p=80205"},"modified":"2016-07-21T13:05:59","modified_gmt":"2016-07-21T10:05:59","slug":"suriye-ve-halkina-dusman-muhtelif-devletlerden-istihbarat-cihazlarinin-tekfirci-teroristleri-destekleme-ve-yonlendirme-amaciyla-operasyon-odalari-kurduklari-urdune-yakin-olmasiyla-kaide-orgut","status":"publish","type":"post","link":"https:\/\/archive.sana.sy\/tr\/?p=80205","title":{"rendered":"Suriye ve halk\u0131na d\u00fc\u015fman muhtelif devletlerden istihbarat cihazlar\u0131n\u0131n tekfirci ter\u00f6ristleri destekleme ve y\u00f6nlendirme amac\u0131yla operasyon odalar\u0131 kurduklar\u0131 \u00dcrd\u00fcn\u2019e yak\u0131n olmas\u0131yla Kaide \u00d6rg\u00fct\u00fcn\u00fcn Suriye kolu Nusra Cephesinin hareket karargah\u0131 olarak kulland\u0131\u011f\u0131 Dera Beled\u2019te askeri bir kaynak ordu birliklerimizin \u0130srail\u2019den destek ve komuta alan bu \u00e7eteleri yine ciddi kay\u0131plara u\u011fratt\u0131klar\u0131n\u0131 s\u00f6yledi"},"content":{"rendered":"<p>Suriye ve halk\u0131na d\u00fc\u015fman muhtelif devletlerden istihbarat cihazlar\u0131n\u0131n tekfirci ter\u00f6ristleri destekleme ve y\u00f6nlendirme amac\u0131yla operasyon odalar\u0131 kurduklar\u0131 \u00dcrd\u00fcn\u2019e yak\u0131n olmas\u0131yla Kaide \u00d6rg\u00fct\u00fcn\u00fcn Suriye kolu Nusra Cephesinin hareket karargah\u0131 olarak kulland\u0131\u011f\u0131 Dera Beled\u2019te askeri bir kaynak ordu birliklerimizin \u0130srail\u2019den destek ve komuta alan bu \u00e7eteleri yine ciddi kay\u0131plara u\u011fratt\u0131klar\u0131n\u0131 s\u00f6yledi<\/p>\n","protected":false},"excerpt":{"rendered":"<p>Suriye ve halk\u0131na d\u00fc\u015fman muhtelif devletlerden istihbarat cihazlar\u0131n\u0131n tekfirci ter\u00f6ristleri destekleme ve y\u00f6nlendirme amac\u0131yla operasyon odalar\u0131 kurduklar\u0131 \u00dcrd\u00fcn\u2019e yak\u0131n olmas\u0131yla Kaide \u00d6rg\u00fct\u00fcn\u00fcn Suriye kolu Nusra Cephesinin hareket karargah\u0131 olarak kulland\u0131\u011f\u0131 Dera Beled\u2019te askeri bir kaynak ordu birliklerimizin \u0130srail\u2019den destek ve komuta alan bu \u00e7eteleri yine ciddi kay\u0131plara u\u011fratt\u0131klar\u0131n\u0131 s\u00f6yledi<\/p>\n","protected":false},"author":1,"featured_media":0,"comment_status":"closed","ping_status":"closed","sticky":false,"template":"","format":"standard","meta":{"footnotes":""},"categories":[17991],"tags":[],"class_list":["post-80205","post","type-post","status-publish","format-standard","","category-son-dakika"],"_links":{"self":[{"href":"https:\/\/archive.sana.sy\/tr\/index.php?rest_route=\/wp\/v2\/posts\/80205","targetHints":{"allow":["GET"]}}],"collection":[{"href":"https:\/\/archive.sana.sy\/tr\/index.php?rest_route=\/wp\/v2\/posts"}],"about":[{"href":"https:\/\/archive.sana.sy\/tr\/index.php?rest_route=\/wp\/v2\/types\/post"}],"author":[{"embeddable":true,"href":"https:\/\/archive.sana.sy\/tr\/index.php?rest_route=\/wp\/v2\/users\/1"}],"replies":[{"embeddable":true,"href":"https:\/\/archive.sana.sy\/tr\/index.php?rest_route=%2Fwp%2Fv2%2Fcomments&post=80205"}],"version-history":[{"count":0,"href":"https:\/\/archive.sana.sy\/tr\/index.php?rest_route=\/wp\/v2\/posts\/80205\/revisions"}],"wp:attachment":[{"href":"https:\/\/archive.sana.sy\/tr\/index.php?rest_route=%2Fwp%2Fv2%2Fmedia&parent=80205"}],"wp:term":[{"taxonomy":"category","embeddable":true,"href":"https:\/\/archive.sana.sy\/tr\/index.php?rest_route=%2Fwp%2Fv2%2Fcategories&post=80205"},{"taxonomy":"post_tag","embeddable":true,"href":"https:\/\/archive.sana.sy\/tr\/index.php?rest_route=%2Fwp%2Fv2%2Ftags&post=80205"}],"curies":[{"name":"wp","href":"https:\/\/api.w.org\/{rel}","templated":true}]}}