{"id":8023,"date":"2014-08-23T10:38:22","date_gmt":"2014-08-23T07:38:22","guid":{"rendered":"http:\/\/www.sana.sy\/tr\/?p=8023"},"modified":"2014-08-23T13:15:32","modified_gmt":"2014-08-23T10:15:32","slug":"isid-deyrezzor-kirsalinda-iki-vatandasi-oldurdu","status":"publish","type":"post","link":"https:\/\/archive.sana.sy\/tr\/?p=8023","title":{"rendered":"I\u015e\u0130D Deyrezzor K\u0131rsal\u0131nda \u0130ki Vatanda\u015f\u0131 \u00d6ld\u00fcrd\u00fc"},"content":{"rendered":"<p>DEYREZZOR \u2013 S\u00f6zde Irak ve \u015eam \u0130slam Devleti adl\u0131 ter\u00f6r \u00f6rg\u00fct\u00fc elemanlar\u0131 d\u00fcn Belde ahalilerin g\u00f6z\u00fc \u00f6n\u00fcnde Deyrezzor k\u0131rsal\u0131 el \u015eumaytiye Beldesinden iki vatanda\u015f\u0131 \u00f6ld\u00fcrd\u00fc.<\/p>\n<p>Ahalilerden bir ka\u00e7\u0131 SANA muhabirine a\u00e7\u0131klamalar\u0131nda, s\u00f6z konusu ter\u00f6r \u00f6rg\u00fct\u00fc elemanlar\u0131n\u0131n vatanda\u015flara Belde sahas\u0131nda ate\u015f a\u00e7t\u0131klar\u0131n\u0131 bir \u00e7ok eve bask\u0131n d\u00fczenlediklerini ve baz\u0131 gen\u00e7leri ka\u00e7\u0131rd\u0131klar\u0131n\u0131 ifade ettiler.<\/p>\n","protected":false},"excerpt":{"rendered":"<p>DEYREZZOR \u2013 S\u00f6zde Irak ve \u015eam \u0130slam Devleti adl\u0131 ter\u00f6r \u00f6rg\u00fct\u00fc elemanlar\u0131 d\u00fcn Belde ahalilerin g\u00f6z\u00fc \u00f6n\u00fcnde Deyrezzor k\u0131rsal\u0131 el \u015eumaytiye Beldesinden iki vatanda\u015f\u0131 \u00f6ld\u00fcrd\u00fc. Ahalilerden bir ka\u00e7\u0131 SANA muhabirine a\u00e7\u0131klamalar\u0131nda, s\u00f6z konusu ter\u00f6r \u00f6rg\u00fct\u00fc elemanlar\u0131n\u0131n vatanda\u015flara Belde sahas\u0131nda ate\u015f a\u00e7t\u0131klar\u0131n\u0131 bir \u00e7ok eve bask\u0131n d\u00fczenlediklerini ve baz\u0131 gen\u00e7leri ka\u00e7\u0131rd\u0131klar\u0131n\u0131 ifade ettiler.<\/p>\n","protected":false},"author":1,"featured_media":8043,"comment_status":"closed","ping_status":"closed","sticky":false,"template":"","format":"standard","meta":{"footnotes":""},"categories":[479,575,478],"tags":[1790],"class_list":["post-8023","post","type-post","status-publish","format-standard","has-post-thumbnail","","category-haberler-yerel","category-olaylar-ve-gercekler","category-yerel","tag-isid-deyrezzor-kirsalinda-iki-vatandasi-oldurdu"],"_links":{"self":[{"href":"https:\/\/archive.sana.sy\/tr\/index.php?rest_route=\/wp\/v2\/posts\/8023","targetHints":{"allow":["GET"]}}],"collection":[{"href":"https:\/\/archive.sana.sy\/tr\/index.php?rest_route=\/wp\/v2\/posts"}],"about":[{"href":"https:\/\/archive.sana.sy\/tr\/index.php?rest_route=\/wp\/v2\/types\/post"}],"author":[{"embeddable":true,"href":"https:\/\/archive.sana.sy\/tr\/index.php?rest_route=\/wp\/v2\/users\/1"}],"replies":[{"embeddable":true,"href":"https:\/\/archive.sana.sy\/tr\/index.php?rest_route=%2Fwp%2Fv2%2Fcomments&post=8023"}],"version-history":[{"count":0,"href":"https:\/\/archive.sana.sy\/tr\/index.php?rest_route=\/wp\/v2\/posts\/8023\/revisions"}],"wp:featuredmedia":[{"embeddable":true,"href":"https:\/\/archive.sana.sy\/tr\/index.php?rest_route=\/wp\/v2\/media\/8043"}],"wp:attachment":[{"href":"https:\/\/archive.sana.sy\/tr\/index.php?rest_route=%2Fwp%2Fv2%2Fmedia&parent=8023"}],"wp:term":[{"taxonomy":"category","embeddable":true,"href":"https:\/\/archive.sana.sy\/tr\/index.php?rest_route=%2Fwp%2Fv2%2Fcategories&post=8023"},{"taxonomy":"post_tag","embeddable":true,"href":"https:\/\/archive.sana.sy\/tr\/index.php?rest_route=%2Fwp%2Fv2%2Ftags&post=8023"}],"curies":[{"name":"wp","href":"https:\/\/api.w.org\/{rel}","templated":true}]}}