{"id":80293,"date":"2016-07-22T13:17:51","date_gmt":"2016-07-22T10:17:51","guid":{"rendered":"http:\/\/www.sana.sy\/tr\/?p=80293"},"modified":"2016-07-22T13:16:16","modified_gmt":"2016-07-22T10:16:16","slug":"askeri-kaynak-hava-guclerimizin-homs-iline-tabi-tedmur-kirsalinin-dogusunda-isidin-araclar-ve-komuta-karargahlarini-yok-ettiklerini-belirtti","status":"publish","type":"post","link":"https:\/\/archive.sana.sy\/tr\/?p=80293","title":{"rendered":"Askeri kaynak; hava g\u00fc\u00e7lerimizin Homs \u0130line tabi Tedmur k\u0131rsal\u0131n\u0131n do\u011fusunda I\u015e\u0130D\u2019in ara\u00e7lar ve komuta karargahlar\u0131n\u0131 yok ettiklerini belirtti"},"content":{"rendered":"<p>Askeri kaynak; hava g\u00fc\u00e7lerimizin Homs \u0130line tabi Tedmur k\u0131rsal\u0131n\u0131n do\u011fusunda I\u015e\u0130D\u2019in ara\u00e7lar ve komuta karargahlar\u0131n\u0131 yok ettiklerini belirtti<\/p>\n","protected":false},"excerpt":{"rendered":"<p>Askeri kaynak; hava g\u00fc\u00e7lerimizin Homs \u0130line tabi Tedmur k\u0131rsal\u0131n\u0131n do\u011fusunda I\u015e\u0130D\u2019in ara\u00e7lar ve komuta karargahlar\u0131n\u0131 yok ettiklerini belirtti<\/p>\n","protected":false},"author":1,"featured_media":0,"comment_status":"closed","ping_status":"closed","sticky":false,"template":"","format":"standard","meta":{"footnotes":""},"categories":[17991],"tags":[],"class_list":["post-80293","post","type-post","status-publish","format-standard","","category-son-dakika"],"_links":{"self":[{"href":"https:\/\/archive.sana.sy\/tr\/index.php?rest_route=\/wp\/v2\/posts\/80293","targetHints":{"allow":["GET"]}}],"collection":[{"href":"https:\/\/archive.sana.sy\/tr\/index.php?rest_route=\/wp\/v2\/posts"}],"about":[{"href":"https:\/\/archive.sana.sy\/tr\/index.php?rest_route=\/wp\/v2\/types\/post"}],"author":[{"embeddable":true,"href":"https:\/\/archive.sana.sy\/tr\/index.php?rest_route=\/wp\/v2\/users\/1"}],"replies":[{"embeddable":true,"href":"https:\/\/archive.sana.sy\/tr\/index.php?rest_route=%2Fwp%2Fv2%2Fcomments&post=80293"}],"version-history":[{"count":0,"href":"https:\/\/archive.sana.sy\/tr\/index.php?rest_route=\/wp\/v2\/posts\/80293\/revisions"}],"wp:attachment":[{"href":"https:\/\/archive.sana.sy\/tr\/index.php?rest_route=%2Fwp%2Fv2%2Fmedia&parent=80293"}],"wp:term":[{"taxonomy":"category","embeddable":true,"href":"https:\/\/archive.sana.sy\/tr\/index.php?rest_route=%2Fwp%2Fv2%2Fcategories&post=80293"},{"taxonomy":"post_tag","embeddable":true,"href":"https:\/\/archive.sana.sy\/tr\/index.php?rest_route=%2Fwp%2Fv2%2Ftags&post=80293"}],"curies":[{"name":"wp","href":"https:\/\/api.w.org\/{rel}","templated":true}]}}