{"id":8034,"date":"2014-08-24T10:55:27","date_gmt":"2014-08-24T07:55:27","guid":{"rendered":"http:\/\/www.sana.sy\/tr\/?p=8034"},"modified":"2014-08-24T13:13:27","modified_gmt":"2014-08-24T10:13:27","slug":"aralarinda-kiraliklarin-da-bulundugu-cok-sayida-terorist-olduruldu","status":"publish","type":"post","link":"https:\/\/archive.sana.sy\/tr\/?p=8034","title":{"rendered":"Aralar\u0131nda Kiral\u0131klar\u0131n da Bulundu\u011fu \u00c7ok Say\u0131da Ter\u00f6rist \u00d6ld\u00fcr\u00fcld\u00fc"},"content":{"rendered":"<p>\u0130LLER \u2013 Ordu ve silahl\u0131 kuvvetlerimize tabi kahraman birliklerimizin kiral\u0131k ve silahl\u0131 ter\u00f6r gruplar\u0131na y\u00f6nelik operasyonlar\u0131 ba\u015far\u0131larla muhtelif b\u00f6lgelerde devam ediyor.<\/p>\n<p><span style=\"color: #0000ff\">\u015eam K\u0131rsal\u0131nda Yabanc\u0131 Uyruklu Ter\u00f6ristler \u00d6ld\u00fcr\u00fcld\u00fc<\/span><\/p>\n<p>Askeri kaynak SANA muhabirine a\u00e7\u0131klamas\u0131nda, ordu birliklerimizin \u015eam K\u0131rsal\u0131 Han el \u015eih el Z\u00fchur Caddesinde aralar\u0131nda \u00dcrd\u00fcnl\u00fc Saad Muhammed el Kalat, Fasl\u0131 Muhammed Ali Tuban ve M\u0131s\u0131rl\u0131 Abdulvahhab el H\u00fcsni\u2019nin bulundu\u011fu \u00e7ok say\u0131da ter\u00f6risti \u00f6ld\u00fcrd\u00fcklerini i\u00e7indeki ter\u00f6ristlerle birlikte 5 ara\u00e7lar\u0131n\u0131 da etkisiz hale getirdiklerini s\u00f6yledi.<\/p>\n<p>\u015eam k\u0131rsal\u0131 Do\u011fu \u011euta B\u00f6lgesinin Mleyha Beldesi kuzeyine d\u00fc\u015fen Lastik ve kibrit fabrikalar\u0131n\u0131n yan\u0131 s\u0131ra Dalati Camii b\u00f6lgelerini tamamen ter\u00f6ristlerden temizledi\u011fini belirten askeri kaynak; olduk\u00e7a y\u00fcksek say\u0131da ter\u00f6risti silah ve ara\u00e7lar\u0131yla etkisiz hale getirmeleri ard\u0131ndan Ayn Terma Vadisinin g\u00fcneyine kadar ilerlediklerini ifade etti.<\/p>\n<p>Kaynak vatan koruyucular\u0131m\u0131z\u0131n Adra Beled B\u00f6lgesinde \u2018\u0130slami Cephe\u2019 adl\u0131 tekfircilere ait bir karargah\u0131 muhtevalar\u0131yla imha ettiklerini aktar\u0131rken Erbin ve Zemelke beldeleri kenarlar\u0131nda ter\u00f6ristlere ait bir\u00e7ok yuvan\u0131n i\u00e7indeki ter\u00f6ristlerle birlikte imha edildiklerini s\u00f6yledi. Kaynak s\u00f6z konusu b\u00f6lgelerde aralar\u0131nda yabanc\u0131lar\u0131n bulundu\u011fu \u00e7ok say\u0131da ter\u00f6ristin \u00f6l\u00fc yaral\u0131 d\u00fc\u015f\u00fcr\u00fcld\u00fcklerini s\u00f6yledi.<\/p>\n<p>Askeri kaynak \u015eam k\u0131rsal\u0131n\u0131n kuzeyine d\u00fc\u015fen Zebadani B\u00f6lgesinin do\u011fu da\u011flar\u0131nda bir\u00e7ok ter\u00f6r yuvas\u0131n\u0131n muhtevalar\u0131yla imha edildi\u011fini ifade ederken; Zakiye-Han el \u015eih- Abbasiye karayolu \u00fczerinde yabanc\u0131 uyruklu 10 ter\u00f6ristin \u00f6ld\u00fcr\u00fcld\u00fc\u011f\u00fcn\u00fc belirtti.<\/p>\n<p><span style=\"color: #0000ff\">Lazkiye K\u0131rsal\u0131nda Nusrac\u0131lar Ara\u00e7lar\u0131yla \u0130mha Edildi<\/span><\/p>\n<p>Askeri bir kaynak SANA\u2019ya a\u00e7\u0131klamas\u0131nda vatan koruyucular\u0131m\u0131z\u0131n Lazkiye k\u0131rsal\u0131n\u0131n kuzeyinde Sahat el Kerd, Dru\u015fan ve Tirtyah b\u00f6lgelerinde ter\u00f6ristlerin k\u00fcmelenme yerleri ve karargahlar\u0131n\u0131 hedef alarak cephane y\u00fckl\u00fc bir ara\u00e7lar\u0131na ilaveten a\u011f\u0131r makineli silahla donat\u0131lm\u0131\u015f ba\u015fka bir arac\u0131 imha ettiklerini belirtti.<\/p>\n<p>Kaynak \u00f6ld\u00fcr\u00fclen \u00e7ok say\u0131da ter\u00f6ristlerin bir k\u0131sm\u0131n\u0131n yabanc\u0131 olduklar\u0131na dikkat \u00e7ekerken aralar\u0131nda Nusra Cephe liderlerinden \u2018Ebu Macit el Ansari\u2019 kod adl\u0131 Halit el Sayyad ve Ahmet Abdun\u2019un bulunduklar\u0131n\u0131 a\u00e7\u0131klad\u0131.<\/p>\n<p><span style=\"color: #0000ff\">Kunaytra K\u0131rsal\u0131nda S\u0131zma Giri\u015fimleri \u00c7\u00f6kertildi<\/span><\/p>\n<p>Askeri kaynak, ordu birliklerimizin ter\u00f6ristlerin Kahtaniye\u2019den Kunaytra ge\u00e7idi y\u00f6n\u00fcne do\u011fru s\u0131zma giri\u015fimlerini \u00e7\u00f6kerterek \u00e7ok say\u0131da ter\u00f6risti \u00f6l\u00fc ve yaral\u0131 d\u00fc\u015f\u00fcrd\u00fcklerini ter\u00f6ristleri ta\u015f\u0131yan 3 arac\u0131 da imha ettiklerini s\u00f6yledi.<\/p>\n<p><span style=\"color: #0000ff\">Halep ve K\u0131rsal\u0131nda Ter\u00f6ristlerin H\u00fccreleri Hedef Al\u0131nd\u0131<\/span><\/p>\n<p>Askeri kaynak, ordu birliklerimizin Halep ve k\u0131rsal\u0131n\u0131n Mare\u2019nin g\u00fcneyindeki Um el Kura, Halisa, Sfeyra\u2019n\u0131n do\u011fusu, Cubeyliye, Akyol, Me\u015fhed, Nakkarin ve Amiriye\u2019de ter\u00f6ristlerin toplanma merkezleri ve h\u00fccrelerini hedef almas\u0131 sonucunda \u00e7ok say\u0131da ter\u00f6risti \u00f6l\u00fc ve yaral\u0131 d\u00fc\u015f\u00fcrd\u00fcklerini bir ka\u00e7 ara\u00e7lar\u0131n\u0131 da imha ettiklerini belirtti.<\/p>\n<p><span style=\"color: #0000ff\">\u0130dlib\u2019in Bat\u0131s\u0131nda \u00c7ok Say\u0131da Ter\u00f6rist \u00f6l\u00fc ve Yaral\u0131 D\u00fc\u015f\u00fcr\u00fcld\u00fc<\/span><\/p>\n<p>Askeri kaynak, ordu birliklerimizin \u0130dlib\u2019in bat\u0131s\u0131ndaki Abu el Duhur havaalan\u0131 y\u00f6n\u00fcne do\u011fru s\u0131zma giri\u015fimlerini \u00e7\u00f6kerterek \u00e7ok say\u0131da ter\u00f6risti \u00f6l\u00fc ve yaral\u0131 d\u00fc\u015f\u00fcrd\u00fcklerini i\u00e7indeki ter\u00f6ristlerle birlikte bir ara\u00e7lar\u0131n\u0131 da imha ettiklerini ifade etti.<\/p>\n<p>Kaynak, ordu birliklerimizin \u0130dlib k\u0131rsal\u0131 Ebu el Duhur Beldesi ve ve el Beragiti K\u00f6y\u00fcnde ter\u00f6r eleba\u015flar\u0131n\u0131n h\u00fccrelerini hedef almalar\u0131 sonucunda \u00e7ok say\u0131da ter\u00f6risti \u00f6l\u00fc ve yaral\u0131 d\u00fc\u015f\u00fcrd\u00fcklerini s\u00f6yledi.<\/p>\n<p>Ordu birliklerimizin \u0130dlib k\u0131rsal\u0131n\u0131n Kmeynas, Mecas, Bzeyt ve B\u015feyriye b\u00f6lgelerinde ter\u00f6r yuvalar\u0131n\u0131 hedef alarak \u00e7ok say\u0131da tekfirci ve haini su\u00e7 edatlar\u0131yla birlikte etkisiz hale getirdiklerini belirten askeri kaynak; Maarblit \u2013 Kefar Lata karayolu \u00fczerinde a\u011f\u0131r makineli silahla donat\u0131lm\u0131\u015f bir arac\u0131 i\u00e7indeki ter\u00f6ristlerle birlikte imha ettiklerini aktard\u0131.<\/p>\n<p><span style=\"color: #0000ff\">Dera K\u0131rsal\u0131nda Ter\u00f6ristler \u00d6ld\u00fcr\u00fclerek S\u0131zma Giri\u015fimleri \u00c7\u00f6kertildi<\/span><\/p>\n<p>Askeri kaynak, ordu birliklerimizin Dera Beled\u2019in el Kerek Semti ve Syriatel Binas\u0131 yak\u0131nlar\u0131nda \u00e7ok say\u0131da ter\u00f6risti \u00f6ld\u00fcrd\u00fcklerini Mleyha el Ata\u015f\u2019tan Dera k\u0131rsal\u0131ndaki askeri kontrol noktalar\u0131na s\u0131zma giri\u015fimlerini de \u00e7\u00f6kerttiklerini s\u00f6yledi.<\/p>\n<p>Kaynak, birliklerimizin Dera k\u0131rsal\u0131 Anhel Beldesi, Bat\u0131 Semti ve Tel el H\u0131d\u0131r\u2019\u0131n kuzeyinde ter\u00f6ristlerin toplanma merkzlerini hedef almalar\u0131 sonucunda \u00e7ok say\u0131da ter\u00f6risti \u00f6l\u00fc ve yaral\u0131 d\u00fc\u015f\u00fcrd\u00fcklerini ifade etti.<\/p>\n<p><span style=\"color: #0000ff\">Homs ve K\u0131rsal\u0131nda \u00c7ok Say\u0131da Ter\u00f6rist \u00d6l\u00fc ve Yaral\u0131 D\u00fc\u015f\u00fcr\u00fcld\u00fc<\/span><\/p>\n<p>Homs ve k\u0131rsal\u0131n\u0131n muhtelif b\u00f6lgelerinde ter\u00f6ristlerin toplanma merkezleri ve h\u00fccrelerini hedef alan ordu birliklerimiz \u00e7ok say\u0131da ter\u00f6risti \u00f6l\u00fc ve yaral\u0131 d\u00fc\u015f\u00fcrd\u00fc.<\/p>\n<p>Askeri kaynak, ordu birliklerimizin Homs el Vaar Semtinde baz\u0131 ter\u00f6ristleri \u00f6l\u00fc ve yaral\u0131 d\u00fc\u015f\u00fcrd\u00fcklerini, Homs do\u011fu k\u0131rsal\u0131 Abu Havadit, el Fav, Rahum, Ar\u015fune ve Sultaniye ile Hisye\u2019nin bat\u0131s\u0131ndaki Hurbat el Rebit\u2019te \u00e7ok say\u0131da ter\u00f6ristin \u00f6l\u00fc d\u00fc\u015f\u00fcr\u00fcld\u00fc\u011f\u00fcn\u00fc s\u00f6yledi.<\/p>\n<p>Kaynak, ordu birliklerimizin Resten tarihi an\u0131t yak\u0131nlar\u0131 ile el Musafir ve el Mahmut Camileri yak\u0131nlar\u0131 yan\u0131 s\u0131ra Tel Abu el Senabil ve Muhtariye\u2019nin do\u011fusu ile Hule Akarab ve Tel Deheb K\u00f6yleri aras\u0131nda \u00e7ok say\u0131da ter\u00f6risti \u00f6l\u00fc ve yaral\u0131 d\u00fc\u015f\u00fcrd\u00fcklerini ifade etti.<\/p>\n<p>&nbsp;<\/p>\n","protected":false},"excerpt":{"rendered":"<p>\u0130LLER \u2013 Ordu ve silahl\u0131 kuvvetlerimize tabi kahraman birliklerimizin kiral\u0131k ve silahl\u0131 ter\u00f6r gruplar\u0131na y\u00f6nelik operasyonlar\u0131 ba\u015far\u0131larla muhtelif b\u00f6lgelerde devam ediyor. \u015eam K\u0131rsal\u0131nda Yabanc\u0131 Uyruklu Ter\u00f6ristler \u00d6ld\u00fcr\u00fcld\u00fc Askeri kaynak SANA muhabirine a\u00e7\u0131klamas\u0131nda, ordu birliklerimizin \u015eam K\u0131rsal\u0131 Han el \u015eih el Z\u00fchur Caddesinde aralar\u0131nda \u00dcrd\u00fcnl\u00fc Saad Muhammed el Kalat, Fasl\u0131 Muhammed Ali Tuban ve M\u0131s\u0131rl\u0131 Abdulvahhab &hellip;<\/p>\n","protected":false},"author":1,"featured_media":8040,"comment_status":"closed","ping_status":"closed","sticky":false,"template":"","format":"standard","meta":{"footnotes":""},"categories":[575],"tags":[1793],"class_list":["post-8034","post","type-post","status-publish","format-standard","has-post-thumbnail","","category-olaylar-ve-gercekler","tag-aralarinda-kiraliklarin-da-bulundugu-cok-sayida-terorist-olduruldu"],"_links":{"self":[{"href":"https:\/\/archive.sana.sy\/tr\/index.php?rest_route=\/wp\/v2\/posts\/8034","targetHints":{"allow":["GET"]}}],"collection":[{"href":"https:\/\/archive.sana.sy\/tr\/index.php?rest_route=\/wp\/v2\/posts"}],"about":[{"href":"https:\/\/archive.sana.sy\/tr\/index.php?rest_route=\/wp\/v2\/types\/post"}],"author":[{"embeddable":true,"href":"https:\/\/archive.sana.sy\/tr\/index.php?rest_route=\/wp\/v2\/users\/1"}],"replies":[{"embeddable":true,"href":"https:\/\/archive.sana.sy\/tr\/index.php?rest_route=%2Fwp%2Fv2%2Fcomments&post=8034"}],"version-history":[{"count":0,"href":"https:\/\/archive.sana.sy\/tr\/index.php?rest_route=\/wp\/v2\/posts\/8034\/revisions"}],"wp:featuredmedia":[{"embeddable":true,"href":"https:\/\/archive.sana.sy\/tr\/index.php?rest_route=\/wp\/v2\/media\/8040"}],"wp:attachment":[{"href":"https:\/\/archive.sana.sy\/tr\/index.php?rest_route=%2Fwp%2Fv2%2Fmedia&parent=8034"}],"wp:term":[{"taxonomy":"category","embeddable":true,"href":"https:\/\/archive.sana.sy\/tr\/index.php?rest_route=%2Fwp%2Fv2%2Fcategories&post=8034"},{"taxonomy":"post_tag","embeddable":true,"href":"https:\/\/archive.sana.sy\/tr\/index.php?rest_route=%2Fwp%2Fv2%2Ftags&post=8034"}],"curies":[{"name":"wp","href":"https:\/\/api.w.org\/{rel}","templated":true}]}}