{"id":80348,"date":"2016-07-22T15:40:20","date_gmt":"2016-07-22T12:40:20","guid":{"rendered":"http:\/\/www.sana.sy\/tr\/?p=80348"},"modified":"2016-07-23T14:29:49","modified_gmt":"2016-07-23T11:29:49","slug":"gorusmelerin-yeniden-baslamasi-yolunu-acmasini-umut-ediyor","status":"publish","type":"post","link":"https:\/\/archive.sana.sy\/tr\/?p=80348","title":{"rendered":"G\u00f6r\u00fc\u015fmelerin Yeniden Ba\u015flamas\u0131 Yolunu A\u00e7mas\u0131n\u0131 Umut Ediyor"},"content":{"rendered":"<p>CENEVRE \u2013 BM genel sekreterinin Suriye \u00f6zel temsilcisi Staffan de Mistura\u2019n\u0131n s\u00f6zc\u00fcs\u00fc; de Mistura\u2019n\u0131n, \u00f6n\u00fcm\u00fczdeki hafta Cenevre\u2019de ABD, Rusya ve BM aras\u0131nda yap\u0131lacak \u00fc\u00e7l\u00fc g\u00f6r\u00fc\u015fmenin, Suriyeliler aras\u0131ndaki diyalog g\u00f6r\u00fc\u015fmelerinin yeniden ba\u015flamas\u0131 \u00f6n\u00fcn\u00fc a\u00e7mas\u0131n\u0131 umut etti\u011fini ifade etti.<\/p>\n<p>De Mistura\u2019n\u0131n s\u00f6zc\u00fcs\u00fc bug\u00fcn Cenevre&#8217;de d\u00fczenledi\u011fi bas\u0131n toplant\u0131s\u0131nda; yap\u0131lacak g\u00f6r\u00fc\u015fmelerin, Suriyeliler aras\u0131ndaki g\u00f6r\u00fc\u015fmelerin yeni turu i\u00e7in tarih belirleme y\u00f6n\u00fcnde katk\u0131 sa\u011flamas\u0131 ve bu g\u00f6r\u00fc\u015fmelerde ilerlemenin olmas\u0131na yard\u0131mc\u0131 olmas\u0131 temennilerini dile getirdi.<\/p>\n","protected":false},"excerpt":{"rendered":"<p>CENEVRE \u2013 BM genel sekreterinin Suriye \u00f6zel temsilcisi Staffan de Mistura\u2019n\u0131n s\u00f6zc\u00fcs\u00fc; de Mistura\u2019n\u0131n, \u00f6n\u00fcm\u00fczdeki hafta Cenevre\u2019de ABD, Rusya ve BM aras\u0131nda yap\u0131lacak \u00fc\u00e7l\u00fc g\u00f6r\u00fc\u015fmenin, Suriyeliler aras\u0131ndaki diyalog g\u00f6r\u00fc\u015fmelerinin yeniden ba\u015flamas\u0131 \u00f6n\u00fcn\u00fc a\u00e7mas\u0131n\u0131 umut etti\u011fini ifade etti. De Mistura\u2019n\u0131n s\u00f6zc\u00fcs\u00fc bug\u00fcn Cenevre&#8217;de d\u00fczenledi\u011fi bas\u0131n toplant\u0131s\u0131nda; yap\u0131lacak g\u00f6r\u00fc\u015fmelerin, Suriyeliler aras\u0131ndaki g\u00f6r\u00fc\u015fmelerin yeni turu i\u00e7in tarih belirleme &hellip;<\/p>\n","protected":false},"author":1,"featured_media":73361,"comment_status":"closed","ping_status":"closed","sticky":false,"template":"","format":"standard","meta":{"footnotes":""},"categories":[458,459,17988],"tags":[17522,22589],"class_list":["post-80348","post","type-post","status-publish","format-standard","has-post-thumbnail","","category-dunya1","category-haberler-arap-uluslararasi-politika","category-son-haberler","tag-bm-genel-sekreterinin-suriye-ozel-temsilcisi-staffan-de-mistura","tag-gorusmelerin-yeniden-baslamasi-yolunu-acmasini-umut-ediyor"],"_links":{"self":[{"href":"https:\/\/archive.sana.sy\/tr\/index.php?rest_route=\/wp\/v2\/posts\/80348","targetHints":{"allow":["GET"]}}],"collection":[{"href":"https:\/\/archive.sana.sy\/tr\/index.php?rest_route=\/wp\/v2\/posts"}],"about":[{"href":"https:\/\/archive.sana.sy\/tr\/index.php?rest_route=\/wp\/v2\/types\/post"}],"author":[{"embeddable":true,"href":"https:\/\/archive.sana.sy\/tr\/index.php?rest_route=\/wp\/v2\/users\/1"}],"replies":[{"embeddable":true,"href":"https:\/\/archive.sana.sy\/tr\/index.php?rest_route=%2Fwp%2Fv2%2Fcomments&post=80348"}],"version-history":[{"count":0,"href":"https:\/\/archive.sana.sy\/tr\/index.php?rest_route=\/wp\/v2\/posts\/80348\/revisions"}],"wp:featuredmedia":[{"embeddable":true,"href":"https:\/\/archive.sana.sy\/tr\/index.php?rest_route=\/wp\/v2\/media\/73361"}],"wp:attachment":[{"href":"https:\/\/archive.sana.sy\/tr\/index.php?rest_route=%2Fwp%2Fv2%2Fmedia&parent=80348"}],"wp:term":[{"taxonomy":"category","embeddable":true,"href":"https:\/\/archive.sana.sy\/tr\/index.php?rest_route=%2Fwp%2Fv2%2Fcategories&post=80348"},{"taxonomy":"post_tag","embeddable":true,"href":"https:\/\/archive.sana.sy\/tr\/index.php?rest_route=%2Fwp%2Fv2%2Ftags&post=80348"}],"curies":[{"name":"wp","href":"https:\/\/api.w.org\/{rel}","templated":true}]}}