{"id":80381,"date":"2016-07-23T09:30:28","date_gmt":"2016-07-23T06:30:28","guid":{"rendered":"http:\/\/www.sana.sy\/tr\/?p=80381"},"modified":"2016-07-24T16:10:33","modified_gmt":"2016-07-24T13:10:33","slug":"meryemiye-kilisesinde-sukur-dualari-okundu-video","status":"publish","type":"post","link":"https:\/\/archive.sana.sy\/tr\/?p=80381","title":{"rendered":"K\u0131br\u0131s Ba\u015fpiskoposu \u015eam&#8217;da Ayin D\u00fczenledi (video)"},"content":{"rendered":"<p>\u015eAM \u2013 \u015eam Meryemiye Kilisesinde d\u00fcn K\u0131br\u0131s Ba\u015fpiskoposu II. Hrisostomos\u2019un ba\u015fkanl\u0131\u011f\u0131 ve Antakya ve T\u00fcm Do\u011fu Rum Ortodoks Patri\u011fi X. Yuhanna Yaz\u0131c\u0131\u2019n\u0131n kat\u0131l\u0131m\u0131yla \u015e\u00fck\u00fcr dualar\u0131 okundu.<\/p>\n<p>\u015e\u00fck\u00fcr Dualar\u0131n\u0131n ard\u0131ndan bir konu\u015fma yapan Ba\u015fpiskopos II. Hrisostomos; Suriye ziyareti s\u00fcresince tan\u0131k oldu\u011fu g\u00fczel a\u011f\u0131rlamadan dolay\u0131 Suriye halk\u0131 ve iktidar\u0131na te\u015fekk\u00fcrlerini sunarak Suriye halk\u0131n\u0131n ya\u015fam\u0131n\u0131 ve g\u00fcnl\u00fck hayat\u0131n\u0131 yak\u0131ndan g\u00f6zlemleme f\u0131rsat\u0131 bulmaktan dolay\u0131 b\u00fcy\u00fck mutluluk duydu\u011funu belirtti.<\/p>\n<p>Bar\u0131\u015f, huzur ve mutlulu\u011fun Suriye topraklar\u0131nda yeniden h\u00fck\u00fcm s\u00fcrmesi i\u00e7in dualar okudu\u011funu dile getiren II. Hrisostomos; bu ziyaretinin Suriye halk\u0131na deste\u011finin bir ifadesini te\u015fkil etti\u011fini vurgulad\u0131.<\/p>\n<p>Di\u011fer taraftan K\u0131br\u0131s Ba\u015fpiskoposunun Suriye ziyaretinin b\u00fcy\u00fck bir \u00f6nem ta\u015f\u0131d\u0131\u011f\u0131na i\u015faret eden Yaz\u0131c\u0131; Suriye ve halk\u0131n\u0131 destekleyen tutumlar\u0131ndan dolay\u0131 II. Hrisostomos\u2019a te\u015fekk\u00fcrlerini sundu.<\/p>\n<p>https:\/\/www.youtube.com\/watch?v=fn9i6W9_Fr4<\/p>\n<p>F.B.<\/p>\n","protected":false},"excerpt":{"rendered":"<p>\u015eAM \u2013 \u015eam Meryemiye Kilisesinde d\u00fcn K\u0131br\u0131s Ba\u015fpiskoposu II. Hrisostomos\u2019un ba\u015fkanl\u0131\u011f\u0131 ve Antakya ve T\u00fcm Do\u011fu Rum Ortodoks Patri\u011fi X. Yuhanna Yaz\u0131c\u0131\u2019n\u0131n kat\u0131l\u0131m\u0131yla \u015e\u00fck\u00fcr dualar\u0131 okundu. \u015e\u00fck\u00fcr Dualar\u0131n\u0131n ard\u0131ndan bir konu\u015fma yapan Ba\u015fpiskopos II. Hrisostomos; Suriye ziyareti s\u00fcresince tan\u0131k oldu\u011fu g\u00fczel a\u011f\u0131rlamadan dolay\u0131 Suriye halk\u0131 ve iktidar\u0131na te\u015fekk\u00fcrlerini sunarak Suriye halk\u0131n\u0131n ya\u015fam\u0131n\u0131 ve g\u00fcnl\u00fck hayat\u0131n\u0131 &hellip;<\/p>\n","protected":false},"author":1,"featured_media":80382,"comment_status":"closed","ping_status":"closed","sticky":false,"template":"","format":"standard","meta":{"footnotes":""},"categories":[479,17988,478],"tags":[22600,22603,22602,22601,22604],"class_list":["post-80381","post","type-post","status-publish","format-standard","has-post-thumbnail","","category-haberler-yerel","category-son-haberler","category-yerel","tag-antakya-ve-tum-dogu-patrigi","tag-ii-hrisostomos","tag-kibris-baspiskoposu","tag-meryemiye-kilisesi","tag-x-yuhanna-yazici"],"_links":{"self":[{"href":"https:\/\/archive.sana.sy\/tr\/index.php?rest_route=\/wp\/v2\/posts\/80381","targetHints":{"allow":["GET"]}}],"collection":[{"href":"https:\/\/archive.sana.sy\/tr\/index.php?rest_route=\/wp\/v2\/posts"}],"about":[{"href":"https:\/\/archive.sana.sy\/tr\/index.php?rest_route=\/wp\/v2\/types\/post"}],"author":[{"embeddable":true,"href":"https:\/\/archive.sana.sy\/tr\/index.php?rest_route=\/wp\/v2\/users\/1"}],"replies":[{"embeddable":true,"href":"https:\/\/archive.sana.sy\/tr\/index.php?rest_route=%2Fwp%2Fv2%2Fcomments&post=80381"}],"version-history":[{"count":0,"href":"https:\/\/archive.sana.sy\/tr\/index.php?rest_route=\/wp\/v2\/posts\/80381\/revisions"}],"wp:featuredmedia":[{"embeddable":true,"href":"https:\/\/archive.sana.sy\/tr\/index.php?rest_route=\/wp\/v2\/media\/80382"}],"wp:attachment":[{"href":"https:\/\/archive.sana.sy\/tr\/index.php?rest_route=%2Fwp%2Fv2%2Fmedia&parent=80381"}],"wp:term":[{"taxonomy":"category","embeddable":true,"href":"https:\/\/archive.sana.sy\/tr\/index.php?rest_route=%2Fwp%2Fv2%2Fcategories&post=80381"},{"taxonomy":"post_tag","embeddable":true,"href":"https:\/\/archive.sana.sy\/tr\/index.php?rest_route=%2Fwp%2Fv2%2Ftags&post=80381"}],"curies":[{"name":"wp","href":"https:\/\/api.w.org\/{rel}","templated":true}]}}