{"id":80408,"date":"2016-07-23T09:55:11","date_gmt":"2016-07-23T06:55:11","guid":{"rendered":"http:\/\/www.sana.sy\/tr\/?p=80408"},"modified":"2016-07-23T15:59:01","modified_gmt":"2016-07-23T12:59:01","slug":"kaynak-ordu-birliklerimizin-dera-kentinin-45-km-dogusuna-dusen-kahil-beldesinin-bati-girisinde-nusra-cephesine-tabi-bir-teror-grubunun-tum-uyelerini-olu-ve-yarali-dusurup-havzalarinda-bulunan-silah-v","status":"publish","type":"post","link":"https:\/\/archive.sana.sy\/tr\/?p=80408","title":{"rendered":"Kaynak; ordu birliklerimizin Dera Kentinin 45 km do\u011fusuna d\u00fc\u015fen Kahil Beldesinin bat\u0131 giri\u015finde Nusra Cephesine tabi bir ter\u00f6r grubunun t\u00fcm \u00fcyelerini \u00f6l\u00fc ve yaral\u0131 d\u00fc\u015f\u00fcr\u00fcp havzalar\u0131nda bulunan silah ve m\u00fchimmatlar\u0131n\u0131 imha ettiklerini aktard\u0131"},"content":{"rendered":"<p>Kaynak; ordu birliklerimizin Dera Kentinin 45 km do\u011fusuna d\u00fc\u015fen Kahil Beldesinin bat\u0131 giri\u015finde Nusra Cephesine tabi bir ter\u00f6r grubunun t\u00fcm \u00fcyelerini \u00f6l\u00fc ve yaral\u0131 d\u00fc\u015f\u00fcr\u00fcp havzalar\u0131nda bulunan silah ve m\u00fchimmatlar\u0131n\u0131 imha ettiklerini aktard\u0131<\/p>\n","protected":false},"excerpt":{"rendered":"<p>Kaynak; ordu birliklerimizin Dera Kentinin 45 km do\u011fusuna d\u00fc\u015fen Kahil Beldesinin bat\u0131 giri\u015finde Nusra Cephesine tabi bir ter\u00f6r grubunun t\u00fcm \u00fcyelerini \u00f6l\u00fc ve yaral\u0131 d\u00fc\u015f\u00fcr\u00fcp havzalar\u0131nda bulunan silah ve m\u00fchimmatlar\u0131n\u0131 imha ettiklerini aktard\u0131<\/p>\n","protected":false},"author":1,"featured_media":0,"comment_status":"closed","ping_status":"closed","sticky":false,"template":"","format":"standard","meta":{"footnotes":""},"categories":[17991],"tags":[],"class_list":["post-80408","post","type-post","status-publish","format-standard","","category-son-dakika"],"_links":{"self":[{"href":"https:\/\/archive.sana.sy\/tr\/index.php?rest_route=\/wp\/v2\/posts\/80408","targetHints":{"allow":["GET"]}}],"collection":[{"href":"https:\/\/archive.sana.sy\/tr\/index.php?rest_route=\/wp\/v2\/posts"}],"about":[{"href":"https:\/\/archive.sana.sy\/tr\/index.php?rest_route=\/wp\/v2\/types\/post"}],"author":[{"embeddable":true,"href":"https:\/\/archive.sana.sy\/tr\/index.php?rest_route=\/wp\/v2\/users\/1"}],"replies":[{"embeddable":true,"href":"https:\/\/archive.sana.sy\/tr\/index.php?rest_route=%2Fwp%2Fv2%2Fcomments&post=80408"}],"version-history":[{"count":0,"href":"https:\/\/archive.sana.sy\/tr\/index.php?rest_route=\/wp\/v2\/posts\/80408\/revisions"}],"wp:attachment":[{"href":"https:\/\/archive.sana.sy\/tr\/index.php?rest_route=%2Fwp%2Fv2%2Fmedia&parent=80408"}],"wp:term":[{"taxonomy":"category","embeddable":true,"href":"https:\/\/archive.sana.sy\/tr\/index.php?rest_route=%2Fwp%2Fv2%2Fcategories&post=80408"},{"taxonomy":"post_tag","embeddable":true,"href":"https:\/\/archive.sana.sy\/tr\/index.php?rest_route=%2Fwp%2Fv2%2Ftags&post=80408"}],"curies":[{"name":"wp","href":"https:\/\/api.w.org\/{rel}","templated":true}]}}