{"id":80441,"date":"2016-07-23T10:45:39","date_gmt":"2016-07-23T07:45:39","guid":{"rendered":"http:\/\/www.sana.sy\/tr\/?p=80441"},"modified":"2016-07-24T09:33:47","modified_gmt":"2016-07-24T06:33:47","slug":"gercek-bir-adim-bekliyoruz","status":"publish","type":"post","link":"https:\/\/archive.sana.sy\/tr\/?p=80441","title":{"rendered":"Ger\u00e7ek Bir Ad\u0131m Bekliyoruz"},"content":{"rendered":"<p>MOSKOVA \u2013 Rusya D\u0131\u015fi\u015fleri Bakan\u0131 Yard\u0131mc\u0131s\u0131 Sergey Ryabkov Rusya&#8217;n\u0131n, I\u015e\u0130D ve Kaide \u00d6rg\u00fct\u00fcn\u00fcn Suriye kolu Nusra Cephesine kar\u015f\u0131 m\u00fccadeleye ili\u015fkin koordinasyonda ABD\u2019den ger\u00e7ek ve ciddi ad\u0131mlar bekledi\u011fini belirtti.<\/p>\n<p>Rus Sputnik Ajans\u0131na a\u00e7\u0131klamalar\u0131nda Ryabkov; I\u015e\u0130D ve Nusra Cephesine kar\u015f\u0131 m\u00fccadelede Rusya ve ABD aras\u0131ndaki koordinasyonun \u00f6zel bir \u00f6nem ta\u015f\u0131d\u0131\u011f\u0131na dikkat \u00e7ekerken, bunun Suriye&#8217;de \u00e7at\u0131\u015fmalar\u0131 durdurma durumunu peki\u015ftirece\u011fini ifade etti. Ryabkov &#8220;Suriye&#8217;de \u00e7at\u0131\u015fmalar\u0131 durdurmay\u0131 g\u00fc\u00e7lendirmek i\u00e7in \u00e7al\u0131\u015fmalar\u0131n s\u00fcrd\u00fcr\u00fclmesine \u00f6zellikle dikkat edilmesi gerekti\u011fini belirtti. Rusya&#8217;n\u0131n daha \u00f6nce de oldu\u011fu gibi ABD&#8217;den Cenevre g\u00f6r\u00fc\u015fmelerine devam edilmesine y\u00f6nelik \u00f6nko\u015fullara paralel olarak daha aktif faaliyet g\u00f6stermesini bekledi\u011fini kaydeden Ryabkov; d\u0131\u015fi\u015fleri bakanlar\u0131 Sergey Lavrov ve John Kerry\u2019nin bu ay\u0131n 26\u2019inde Laos\u2019ta bulunacaklar\u0131 g\u00f6r\u00fc\u015fmede bu meseleleri ele alacaklar\u0131n\u0131 s\u00f6yledi.<\/p>\n","protected":false},"excerpt":{"rendered":"<p>MOSKOVA \u2013 Rusya D\u0131\u015fi\u015fleri Bakan\u0131 Yard\u0131mc\u0131s\u0131 Sergey Ryabkov Rusya&#8217;n\u0131n, I\u015e\u0130D ve Kaide \u00d6rg\u00fct\u00fcn\u00fcn Suriye kolu Nusra Cephesine kar\u015f\u0131 m\u00fccadeleye ili\u015fkin koordinasyonda ABD\u2019den ger\u00e7ek ve ciddi ad\u0131mlar bekledi\u011fini belirtti. Rus Sputnik Ajans\u0131na a\u00e7\u0131klamalar\u0131nda Ryabkov; I\u015e\u0130D ve Nusra Cephesine kar\u015f\u0131 m\u00fccadelede Rusya ve ABD aras\u0131ndaki koordinasyonun \u00f6zel bir \u00f6nem ta\u015f\u0131d\u0131\u011f\u0131na dikkat \u00e7ekerken, bunun Suriye&#8217;de \u00e7at\u0131\u015fmalar\u0131 durdurma durumunu &hellip;<\/p>\n","protected":false},"author":1,"featured_media":80442,"comment_status":"closed","ping_status":"closed","sticky":false,"template":"","format":"standard","meta":{"footnotes":""},"categories":[458,459,17988],"tags":[22614,22615],"class_list":["post-80441","post","type-post","status-publish","format-standard","has-post-thumbnail","","category-dunya1","category-haberler-arap-uluslararasi-politika","category-son-haberler","tag-gercek-bir-adim-bekliyoruz","tag-rusya-disisleri-bakani-yardimcisi-sergey-ryabkov"],"_links":{"self":[{"href":"https:\/\/archive.sana.sy\/tr\/index.php?rest_route=\/wp\/v2\/posts\/80441","targetHints":{"allow":["GET"]}}],"collection":[{"href":"https:\/\/archive.sana.sy\/tr\/index.php?rest_route=\/wp\/v2\/posts"}],"about":[{"href":"https:\/\/archive.sana.sy\/tr\/index.php?rest_route=\/wp\/v2\/types\/post"}],"author":[{"embeddable":true,"href":"https:\/\/archive.sana.sy\/tr\/index.php?rest_route=\/wp\/v2\/users\/1"}],"replies":[{"embeddable":true,"href":"https:\/\/archive.sana.sy\/tr\/index.php?rest_route=%2Fwp%2Fv2%2Fcomments&post=80441"}],"version-history":[{"count":0,"href":"https:\/\/archive.sana.sy\/tr\/index.php?rest_route=\/wp\/v2\/posts\/80441\/revisions"}],"wp:featuredmedia":[{"embeddable":true,"href":"https:\/\/archive.sana.sy\/tr\/index.php?rest_route=\/wp\/v2\/media\/80442"}],"wp:attachment":[{"href":"https:\/\/archive.sana.sy\/tr\/index.php?rest_route=%2Fwp%2Fv2%2Fmedia&parent=80441"}],"wp:term":[{"taxonomy":"category","embeddable":true,"href":"https:\/\/archive.sana.sy\/tr\/index.php?rest_route=%2Fwp%2Fv2%2Fcategories&post=80441"},{"taxonomy":"post_tag","embeddable":true,"href":"https:\/\/archive.sana.sy\/tr\/index.php?rest_route=%2Fwp%2Fv2%2Ftags&post=80441"}],"curies":[{"name":"wp","href":"https:\/\/api.w.org\/{rel}","templated":true}]}}