{"id":80451,"date":"2016-07-23T10:03:50","date_gmt":"2016-07-23T07:03:50","guid":{"rendered":"http:\/\/www.sana.sy\/tr\/?p=80451"},"modified":"2016-07-23T15:59:25","modified_gmt":"2016-07-23T12:59:25","slug":"dera-kirsalinin-busra-el-sam-kentinde-de-ordu-birliklerimizin-teroristlerin-toplanma-yerleri-ve-hareket-eksenlerini-hedef-aldiklarini-aciklayan-kaynak-tekfircileri-sayi-ve-techizatlariyla-birlikte-ag","status":"publish","type":"post","link":"https:\/\/archive.sana.sy\/tr\/?p=80451","title":{"rendered":"Dera k\u0131rsal\u0131n\u0131n Busra el \u015eam Kentinde de ordu birliklerimizin ter\u00f6ristlerin toplanma yerleri ve hareket eksenlerini hedef ald\u0131klar\u0131n\u0131 a\u00e7\u0131klayan kaynak; tekfircileri say\u0131 ve te\u00e7hizatlar\u0131yla birlikte a\u011f\u0131r kay\u0131plara u\u011fratt\u0131klar\u0131n\u0131 s\u00f6zlerine ekledi"},"content":{"rendered":"<p>Dera k\u0131rsal\u0131n\u0131n Busra el \u015eam Kentinde de ordu birliklerimizin ter\u00f6ristlerin toplanma yerleri ve hareket eksenlerini hedef ald\u0131klar\u0131n\u0131 a\u00e7\u0131klayan kaynak; tekfircileri say\u0131 ve te\u00e7hizatlar\u0131yla birlikte a\u011f\u0131r kay\u0131plara u\u011fratt\u0131klar\u0131n\u0131 s\u00f6zlerine ekledi<\/p>\n","protected":false},"excerpt":{"rendered":"<p>Dera k\u0131rsal\u0131n\u0131n Busra el \u015eam Kentinde de ordu birliklerimizin ter\u00f6ristlerin toplanma yerleri ve hareket eksenlerini hedef ald\u0131klar\u0131n\u0131 a\u00e7\u0131klayan kaynak; tekfircileri say\u0131 ve te\u00e7hizatlar\u0131yla birlikte a\u011f\u0131r kay\u0131plara u\u011fratt\u0131klar\u0131n\u0131 s\u00f6zlerine ekledi<\/p>\n","protected":false},"author":1,"featured_media":0,"comment_status":"closed","ping_status":"closed","sticky":false,"template":"","format":"standard","meta":{"footnotes":""},"categories":[17991],"tags":[],"class_list":["post-80451","post","type-post","status-publish","format-standard","","category-son-dakika"],"_links":{"self":[{"href":"https:\/\/archive.sana.sy\/tr\/index.php?rest_route=\/wp\/v2\/posts\/80451","targetHints":{"allow":["GET"]}}],"collection":[{"href":"https:\/\/archive.sana.sy\/tr\/index.php?rest_route=\/wp\/v2\/posts"}],"about":[{"href":"https:\/\/archive.sana.sy\/tr\/index.php?rest_route=\/wp\/v2\/types\/post"}],"author":[{"embeddable":true,"href":"https:\/\/archive.sana.sy\/tr\/index.php?rest_route=\/wp\/v2\/users\/1"}],"replies":[{"embeddable":true,"href":"https:\/\/archive.sana.sy\/tr\/index.php?rest_route=%2Fwp%2Fv2%2Fcomments&post=80451"}],"version-history":[{"count":0,"href":"https:\/\/archive.sana.sy\/tr\/index.php?rest_route=\/wp\/v2\/posts\/80451\/revisions"}],"wp:attachment":[{"href":"https:\/\/archive.sana.sy\/tr\/index.php?rest_route=%2Fwp%2Fv2%2Fmedia&parent=80451"}],"wp:term":[{"taxonomy":"category","embeddable":true,"href":"https:\/\/archive.sana.sy\/tr\/index.php?rest_route=%2Fwp%2Fv2%2Fcategories&post=80451"},{"taxonomy":"post_tag","embeddable":true,"href":"https:\/\/archive.sana.sy\/tr\/index.php?rest_route=%2Fwp%2Fv2%2Ftags&post=80451"}],"curies":[{"name":"wp","href":"https:\/\/api.w.org\/{rel}","templated":true}]}}