{"id":80456,"date":"2016-07-23T11:20:03","date_gmt":"2016-07-23T08:20:03","guid":{"rendered":"http:\/\/www.sana.sy\/tr\/?p=80456"},"modified":"2016-07-23T16:00:44","modified_gmt":"2016-07-23T13:00:44","slug":"sana-muhabiri-kunaytra-kirsalinda-ise-ordu-birliklerimizin-halk-savunma-gucleriyle-isbirligi-icinde-bati-samadaniye-ve-tlul-el-humr-bolgelerinde-isgalci-israilden-destek-alan-teroristlerin-y","status":"publish","type":"post","link":"https:\/\/archive.sana.sy\/tr\/?p=80456","title":{"rendered":"SANA muhabiri; Kunaytra k\u0131rsal\u0131nda ise ordu birliklerimizin halk Savunma G\u00fc\u00e7leriyle i\u015fbirli\u011fi i\u00e7inde Bat\u0131 Samadaniye ve Tlul el Humr b\u00f6lgelerinde i\u015fgalci \u0130srail\u2019den destek alan ter\u00f6ristlerin yuva ve hareketlenmelerini yo\u011fun ate\u015fe tutmalar\u0131 sonucunda yine \u00e7ok say\u0131da ter\u00f6risti \u00f6l\u00fc ve yaral\u0131 d\u00fc\u015f\u00fcr\u00fcp ara\u00e7, silah ve m\u00fchimmatlar\u0131n\u0131 imha ettiklerini s\u00f6yledi"},"content":{"rendered":"<p>SANA muhabiri; Kunaytra k\u0131rsal\u0131nda ise ordu birliklerimizin halk Savunma G\u00fc\u00e7leriyle i\u015fbirli\u011fi i\u00e7inde Bat\u0131 Samadaniye ve Tlul el Humr b\u00f6lgelerinde i\u015fgalci \u0130srail\u2019den destek alan ter\u00f6ristlerin yuva ve hareketlenmelerini yo\u011fun ate\u015fe tutmalar\u0131 sonucunda yine \u00e7ok say\u0131da ter\u00f6risti \u00f6l\u00fc ve yaral\u0131 d\u00fc\u015f\u00fcr\u00fcp ara\u00e7, silah ve m\u00fchimmatlar\u0131n\u0131 imha ettiklerini s\u00f6yledi<\/p>\n","protected":false},"excerpt":{"rendered":"<p>SANA muhabiri; Kunaytra k\u0131rsal\u0131nda ise ordu birliklerimizin halk Savunma G\u00fc\u00e7leriyle i\u015fbirli\u011fi i\u00e7inde Bat\u0131 Samadaniye ve Tlul el Humr b\u00f6lgelerinde i\u015fgalci \u0130srail\u2019den destek alan ter\u00f6ristlerin yuva ve hareketlenmelerini yo\u011fun ate\u015fe tutmalar\u0131 sonucunda yine \u00e7ok say\u0131da ter\u00f6risti \u00f6l\u00fc ve yaral\u0131 d\u00fc\u015f\u00fcr\u00fcp ara\u00e7, silah ve m\u00fchimmatlar\u0131n\u0131 imha ettiklerini s\u00f6yledi<\/p>\n","protected":false},"author":1,"featured_media":0,"comment_status":"closed","ping_status":"closed","sticky":false,"template":"","format":"standard","meta":{"footnotes":""},"categories":[17991],"tags":[],"class_list":["post-80456","post","type-post","status-publish","format-standard","","category-son-dakika"],"_links":{"self":[{"href":"https:\/\/archive.sana.sy\/tr\/index.php?rest_route=\/wp\/v2\/posts\/80456","targetHints":{"allow":["GET"]}}],"collection":[{"href":"https:\/\/archive.sana.sy\/tr\/index.php?rest_route=\/wp\/v2\/posts"}],"about":[{"href":"https:\/\/archive.sana.sy\/tr\/index.php?rest_route=\/wp\/v2\/types\/post"}],"author":[{"embeddable":true,"href":"https:\/\/archive.sana.sy\/tr\/index.php?rest_route=\/wp\/v2\/users\/1"}],"replies":[{"embeddable":true,"href":"https:\/\/archive.sana.sy\/tr\/index.php?rest_route=%2Fwp%2Fv2%2Fcomments&post=80456"}],"version-history":[{"count":0,"href":"https:\/\/archive.sana.sy\/tr\/index.php?rest_route=\/wp\/v2\/posts\/80456\/revisions"}],"wp:attachment":[{"href":"https:\/\/archive.sana.sy\/tr\/index.php?rest_route=%2Fwp%2Fv2%2Fmedia&parent=80456"}],"wp:term":[{"taxonomy":"category","embeddable":true,"href":"https:\/\/archive.sana.sy\/tr\/index.php?rest_route=%2Fwp%2Fv2%2Fcategories&post=80456"},{"taxonomy":"post_tag","embeddable":true,"href":"https:\/\/archive.sana.sy\/tr\/index.php?rest_route=%2Fwp%2Fv2%2Ftags&post=80456"}],"curies":[{"name":"wp","href":"https:\/\/api.w.org\/{rel}","templated":true}]}}