{"id":8051,"date":"2014-08-23T14:52:16","date_gmt":"2014-08-23T11:52:16","guid":{"rendered":"http:\/\/www.sana.sy\/tr\/?p=8051"},"modified":"2014-08-23T14:52:16","modified_gmt":"2014-08-23T11:52:16","slug":"asya-ve-pasifik-parlamentolari-uyeleri-tahranda-bir-araya-geldiler","status":"publish","type":"post","link":"https:\/\/archive.sana.sy\/tr\/?p=8051","title":{"rendered":"Asya ve Pasifik Parlamentolar\u0131 \u00dcyeleri Tahran\u2019da Bir Araya Geldiler"},"content":{"rendered":"<p>TAHRAN \u2013 \u00c7evre ve Kalk\u0131nma \u0130le \u0130lgili Asya ve Pasifik Parlamentolar\u0131 \u00dcyeleri 17. konferans\u0131 (APPCED) bug\u00fcn Suriye\u2019nin kat\u0131l\u0131m\u0131yla \u00e7evreyi korumak, b\u00f6lgesel i\u015fbirli\u011fi sa\u011flama ve iki k\u0131ta i\u00e7in \u00f6zel kalk\u0131nma y\u00f6ntemlerini incelemek amac\u0131yla \u0130ran\u2019\u0131n ba\u015fkenti Tahranda ba\u015flad\u0131.<\/p>\n<p>Konferans Genel Sekreteri ve \u0130ran \u015eura Meclisinde \u00c7evre ve S\u00fcrd\u00fcr\u00fclebilir Kalk\u0131nma Komisyonu Ba\u015fkan\u0131 Muhammet R\u0131za Tabi\u015f konferans\u0131n a\u00e7\u0131l\u0131\u015f oturumunda yapt\u0131\u011f\u0131 konu\u015fmada, yasama meclisinin, \u00e7evre ve ekonomik kalk\u0131nma ile ilgili sorunlar\u0131n \u00e7\u00f6z\u00fcm\u00fcnde etkili olacak kurumlarla ilgili etkin ve aktif bir sorumlulu\u011fu bulundu\u011funu ifade etti.<\/p>\n<p>\u00c7evreyi korumak i\u00e7in b\u00f6lgesel i\u015fbirli\u011fi ve Asya-Afrika \u00f6zel kalk\u0131nma ko\u015fullar\u0131n\u0131n incelendi\u011fi toplant\u0131da; iki k\u0131ta devletlerine b\u00f6lgesel krizlere, sava\u015flar\u0131n yaratt\u0131\u011f\u0131 tehlikelere ve ter\u00f6re kar\u015f\u0131 yeni kanunlar haz\u0131rlama \u00e7a\u011fr\u0131s\u0131nda bulunuldu.<\/p>\n<p>Suriye\u2019yi, Tahran\u2019daki B\u00fcy\u00fckel\u00e7ili\u011fimizin temsil etti\u011fi toplant\u0131ya, \u0130ran, Endonezya, G\u00fcney Kore, Nepal, Kongo, Pakistan, Malezya, \u00c7in, Rusya ve Hindistan kat\u0131l\u0131yor.<\/p>\n","protected":false},"excerpt":{"rendered":"<p>TAHRAN \u2013 \u00c7evre ve Kalk\u0131nma \u0130le \u0130lgili Asya ve Pasifik Parlamentolar\u0131 \u00dcyeleri 17. konferans\u0131 (APPCED) bug\u00fcn Suriye\u2019nin kat\u0131l\u0131m\u0131yla \u00e7evreyi korumak, b\u00f6lgesel i\u015fbirli\u011fi sa\u011flama ve iki k\u0131ta i\u00e7in \u00f6zel kalk\u0131nma y\u00f6ntemlerini incelemek amac\u0131yla \u0130ran\u2019\u0131n ba\u015fkenti Tahranda ba\u015flad\u0131. Konferans Genel Sekreteri ve \u0130ran \u015eura Meclisinde \u00c7evre ve S\u00fcrd\u00fcr\u00fclebilir Kalk\u0131nma Komisyonu Ba\u015fkan\u0131 Muhammet R\u0131za Tabi\u015f konferans\u0131n a\u00e7\u0131l\u0131\u015f oturumunda &hellip;<\/p>\n","protected":false},"author":1,"featured_media":8052,"comment_status":"closed","ping_status":"closed","sticky":false,"template":"","format":"standard","meta":{"footnotes":""},"categories":[458,459],"tags":[1796],"class_list":["post-8051","post","type-post","status-publish","format-standard","has-post-thumbnail","","category-dunya1","category-haberler-arap-uluslararasi-politika","tag-asya-ve-pasifik-parlamentolari-uyeleri-tahranda-bir-araya-geldiler"],"_links":{"self":[{"href":"https:\/\/archive.sana.sy\/tr\/index.php?rest_route=\/wp\/v2\/posts\/8051","targetHints":{"allow":["GET"]}}],"collection":[{"href":"https:\/\/archive.sana.sy\/tr\/index.php?rest_route=\/wp\/v2\/posts"}],"about":[{"href":"https:\/\/archive.sana.sy\/tr\/index.php?rest_route=\/wp\/v2\/types\/post"}],"author":[{"embeddable":true,"href":"https:\/\/archive.sana.sy\/tr\/index.php?rest_route=\/wp\/v2\/users\/1"}],"replies":[{"embeddable":true,"href":"https:\/\/archive.sana.sy\/tr\/index.php?rest_route=%2Fwp%2Fv2%2Fcomments&post=8051"}],"version-history":[{"count":0,"href":"https:\/\/archive.sana.sy\/tr\/index.php?rest_route=\/wp\/v2\/posts\/8051\/revisions"}],"wp:featuredmedia":[{"embeddable":true,"href":"https:\/\/archive.sana.sy\/tr\/index.php?rest_route=\/wp\/v2\/media\/8052"}],"wp:attachment":[{"href":"https:\/\/archive.sana.sy\/tr\/index.php?rest_route=%2Fwp%2Fv2%2Fmedia&parent=8051"}],"wp:term":[{"taxonomy":"category","embeddable":true,"href":"https:\/\/archive.sana.sy\/tr\/index.php?rest_route=%2Fwp%2Fv2%2Fcategories&post=8051"},{"taxonomy":"post_tag","embeddable":true,"href":"https:\/\/archive.sana.sy\/tr\/index.php?rest_route=%2Fwp%2Fv2%2Ftags&post=8051"}],"curies":[{"name":"wp","href":"https:\/\/api.w.org\/{rel}","templated":true}]}}