{"id":80563,"date":"2016-07-24T11:15:07","date_gmt":"2016-07-24T08:15:07","guid":{"rendered":"http:\/\/www.sana.sy\/tr\/?p=80563"},"modified":"2016-07-24T14:12:40","modified_gmt":"2016-07-24T11:12:40","slug":"bunun-yani-sira-terorun-tamamen-bertaraf-edilmesi-cabalarinda-yine-karsilikli-guven-ve-saygiya-dayali-olarak-rusya-ile-isbirligine-katilmak-isteyen-uluslar-arasi-toplumla-da-isbirligine-hazir-oldugunu","status":"publish","type":"post","link":"https:\/\/archive.sana.sy\/tr\/?p=80563","title":{"rendered":"Bunun yan\u0131 s\u0131ra ter\u00f6r\u00fcn tamamen bertaraf edilmesi \u00e7abalar\u0131nda yine kar\u015f\u0131l\u0131kl\u0131 g\u00fcven ve sayg\u0131ya dayal\u0131 olarak Rusya ile i\u015fbirli\u011fine kat\u0131lmak isteyen uluslar aras\u0131 toplumla da i\u015fbirli\u011fine haz\u0131r oldu\u011funu ifade eden kaynak; Suriye&#8217;nin Rusya ve ABD aras\u0131ndaki anla\u015fma kapsam\u0131nda hava operasyonlar\u0131nda koordinasyona haz\u0131r oldu\u011funu ifade etti"},"content":{"rendered":"<p>Bunun yan\u0131 s\u0131ra ter\u00f6r\u00fcn tamamen bertaraf edilmesi \u00e7abalar\u0131nda yine kar\u015f\u0131l\u0131kl\u0131 g\u00fcven ve sayg\u0131ya dayal\u0131 olarak Rusya ile i\u015fbirli\u011fine kat\u0131lmak isteyen uluslar aras\u0131 toplumla da i\u015fbirli\u011fine haz\u0131r oldu\u011funu ifade eden kaynak; Suriye&#8217;nin Rusya ve ABD aras\u0131ndaki anla\u015fma kapsam\u0131nda hava operasyonlar\u0131nda koordinasyona haz\u0131r oldu\u011funu ifade etti<\/p>\n","protected":false},"excerpt":{"rendered":"<p>Bunun yan\u0131 s\u0131ra ter\u00f6r\u00fcn tamamen bertaraf edilmesi \u00e7abalar\u0131nda yine kar\u015f\u0131l\u0131kl\u0131 g\u00fcven ve sayg\u0131ya dayal\u0131 olarak Rusya ile i\u015fbirli\u011fine kat\u0131lmak isteyen uluslar aras\u0131 toplumla da i\u015fbirli\u011fine haz\u0131r oldu\u011funu ifade eden kaynak; Suriye&#8217;nin Rusya ve ABD aras\u0131ndaki anla\u015fma kapsam\u0131nda hava operasyonlar\u0131nda koordinasyona haz\u0131r oldu\u011funu ifade etti<\/p>\n","protected":false},"author":1,"featured_media":0,"comment_status":"closed","ping_status":"closed","sticky":false,"template":"","format":"standard","meta":{"footnotes":""},"categories":[17991],"tags":[],"class_list":["post-80563","post","type-post","status-publish","format-standard","","category-son-dakika"],"_links":{"self":[{"href":"https:\/\/archive.sana.sy\/tr\/index.php?rest_route=\/wp\/v2\/posts\/80563","targetHints":{"allow":["GET"]}}],"collection":[{"href":"https:\/\/archive.sana.sy\/tr\/index.php?rest_route=\/wp\/v2\/posts"}],"about":[{"href":"https:\/\/archive.sana.sy\/tr\/index.php?rest_route=\/wp\/v2\/types\/post"}],"author":[{"embeddable":true,"href":"https:\/\/archive.sana.sy\/tr\/index.php?rest_route=\/wp\/v2\/users\/1"}],"replies":[{"embeddable":true,"href":"https:\/\/archive.sana.sy\/tr\/index.php?rest_route=%2Fwp%2Fv2%2Fcomments&post=80563"}],"version-history":[{"count":0,"href":"https:\/\/archive.sana.sy\/tr\/index.php?rest_route=\/wp\/v2\/posts\/80563\/revisions"}],"wp:attachment":[{"href":"https:\/\/archive.sana.sy\/tr\/index.php?rest_route=%2Fwp%2Fv2%2Fmedia&parent=80563"}],"wp:term":[{"taxonomy":"category","embeddable":true,"href":"https:\/\/archive.sana.sy\/tr\/index.php?rest_route=%2Fwp%2Fv2%2Fcategories&post=80563"},{"taxonomy":"post_tag","embeddable":true,"href":"https:\/\/archive.sana.sy\/tr\/index.php?rest_route=%2Fwp%2Fv2%2Ftags&post=80563"}],"curies":[{"name":"wp","href":"https:\/\/api.w.org\/{rel}","templated":true}]}}