{"id":80565,"date":"2016-07-24T11:11:43","date_gmt":"2016-07-24T08:11:43","guid":{"rendered":"http:\/\/www.sana.sy\/tr\/?p=80565"},"modified":"2016-07-24T14:12:14","modified_gmt":"2016-07-24T11:12:14","slug":"kaynak-suriye-ordusu-ve-silahli-kuvvetlerinin-muhtelif-isimleri-ve-renkleriyle-terore-karsi-mucadelesini-azimle-surdurme-kararliliginin-altini-cizerken-bu-baglamda-dost-rusya-ile-karsilikli-guvene-da","status":"publish","type":"post","link":"https:\/\/archive.sana.sy\/tr\/?p=80565","title":{"rendered":"Kaynak Suriye ordusu ve silahl\u0131 kuvvetlerinin muhtelif isimleri ve renkleriyle ter\u00f6re kar\u015f\u0131 m\u00fccadelesini azimle s\u00fcrd\u00fcrme kararl\u0131l\u0131\u011f\u0131n\u0131n alt\u0131n\u0131 \u00e7izerken, bu ba\u011flamda dost Rusya ile kar\u015f\u0131l\u0131kl\u0131 g\u00fcvene dayal\u0131 i\u015fbirli\u011fini s\u00fcrd\u00fcrme kararl\u0131l\u0131\u011f\u0131nda oldu\u011funu belirtti"},"content":{"rendered":"<p>Kaynak Suriye ordusu ve silahl\u0131 kuvvetlerinin muhtelif isimleri ve renkleriyle ter\u00f6re kar\u015f\u0131 m\u00fccadelesini azimle s\u00fcrd\u00fcrme kararl\u0131l\u0131\u011f\u0131n\u0131n alt\u0131n\u0131 \u00e7izerken, bu ba\u011flamda dost Rusya ile kar\u015f\u0131l\u0131kl\u0131 g\u00fcvene dayal\u0131 i\u015fbirli\u011fini s\u00fcrd\u00fcrme kararl\u0131l\u0131\u011f\u0131nda oldu\u011funu belirtti<\/p>\n","protected":false},"excerpt":{"rendered":"<p>Kaynak Suriye ordusu ve silahl\u0131 kuvvetlerinin muhtelif isimleri ve renkleriyle ter\u00f6re kar\u015f\u0131 m\u00fccadelesini azimle s\u00fcrd\u00fcrme kararl\u0131l\u0131\u011f\u0131n\u0131n alt\u0131n\u0131 \u00e7izerken, bu ba\u011flamda dost Rusya ile kar\u015f\u0131l\u0131kl\u0131 g\u00fcvene dayal\u0131 i\u015fbirli\u011fini s\u00fcrd\u00fcrme kararl\u0131l\u0131\u011f\u0131nda oldu\u011funu belirtti<\/p>\n","protected":false},"author":1,"featured_media":0,"comment_status":"closed","ping_status":"closed","sticky":false,"template":"","format":"standard","meta":{"footnotes":""},"categories":[17991],"tags":[],"class_list":["post-80565","post","type-post","status-publish","format-standard","","category-son-dakika"],"_links":{"self":[{"href":"https:\/\/archive.sana.sy\/tr\/index.php?rest_route=\/wp\/v2\/posts\/80565","targetHints":{"allow":["GET"]}}],"collection":[{"href":"https:\/\/archive.sana.sy\/tr\/index.php?rest_route=\/wp\/v2\/posts"}],"about":[{"href":"https:\/\/archive.sana.sy\/tr\/index.php?rest_route=\/wp\/v2\/types\/post"}],"author":[{"embeddable":true,"href":"https:\/\/archive.sana.sy\/tr\/index.php?rest_route=\/wp\/v2\/users\/1"}],"replies":[{"embeddable":true,"href":"https:\/\/archive.sana.sy\/tr\/index.php?rest_route=%2Fwp%2Fv2%2Fcomments&post=80565"}],"version-history":[{"count":0,"href":"https:\/\/archive.sana.sy\/tr\/index.php?rest_route=\/wp\/v2\/posts\/80565\/revisions"}],"wp:attachment":[{"href":"https:\/\/archive.sana.sy\/tr\/index.php?rest_route=%2Fwp%2Fv2%2Fmedia&parent=80565"}],"wp:term":[{"taxonomy":"category","embeddable":true,"href":"https:\/\/archive.sana.sy\/tr\/index.php?rest_route=%2Fwp%2Fv2%2Fcategories&post=80565"},{"taxonomy":"post_tag","embeddable":true,"href":"https:\/\/archive.sana.sy\/tr\/index.php?rest_route=%2Fwp%2Fv2%2Ftags&post=80565"}],"curies":[{"name":"wp","href":"https:\/\/api.w.org\/{rel}","templated":true}]}}