{"id":80568,"date":"2016-07-24T11:22:17","date_gmt":"2016-07-24T08:22:17","guid":{"rendered":"http:\/\/www.sana.sy\/tr\/?p=80568"},"modified":"2016-07-24T14:13:32","modified_gmt":"2016-07-24T11:13:32","slug":"bu-baglamda-kaynak-anlasmaya-tabi-olan-silahli-gruplar-ile-terorist-gruplar-arasinda-farkin-gozetilmesinin-yani-sira-abdnin-vaatlerine-sadik-kalip-komsu-ulkelerden-terorist-ve-terore-askeri-d","status":"publish","type":"post","link":"https:\/\/archive.sana.sy\/tr\/?p=80568","title":{"rendered":"Bu ba\u011flamda kaynak anla\u015fmaya tabi olan silahl\u0131 gruplar ile ter\u00f6rist gruplar aras\u0131nda fark\u0131n g\u00f6zetilmesinin yan\u0131 s\u0131ra ABD\u2019nin vaatlerine sad\u0131k kal\u0131p kom\u015fu \u00fclkelerden ter\u00f6rist ve ter\u00f6re askeri deste\u011fe ek olarak finans ak\u0131\u015f\u0131na son verme y\u00f6n\u00fcnde ciddi \u00e7abalarda bulunmas\u0131 gere\u011finin alt\u0131n\u0131 \u00e7izdi"},"content":{"rendered":"<p>Bu ba\u011flamda kaynak anla\u015fmaya tabi olan silahl\u0131 gruplar ile ter\u00f6rist gruplar aras\u0131nda fark\u0131n g\u00f6zetilmesinin yan\u0131 s\u0131ra ABD\u2019nin vaatlerine sad\u0131k kal\u0131p kom\u015fu \u00fclkelerden ter\u00f6rist ve ter\u00f6re askeri deste\u011fe ek olarak finans ak\u0131\u015f\u0131na son verme y\u00f6n\u00fcnde ciddi \u00e7abalarda bulunmas\u0131 gere\u011finin alt\u0131n\u0131 \u00e7izdi<\/p>\n","protected":false},"excerpt":{"rendered":"<p>Bu ba\u011flamda kaynak anla\u015fmaya tabi olan silahl\u0131 gruplar ile ter\u00f6rist gruplar aras\u0131nda fark\u0131n g\u00f6zetilmesinin yan\u0131 s\u0131ra ABD\u2019nin vaatlerine sad\u0131k kal\u0131p kom\u015fu \u00fclkelerden ter\u00f6rist ve ter\u00f6re askeri deste\u011fe ek olarak finans ak\u0131\u015f\u0131na son verme y\u00f6n\u00fcnde ciddi \u00e7abalarda bulunmas\u0131 gere\u011finin alt\u0131n\u0131 \u00e7izdi<\/p>\n","protected":false},"author":1,"featured_media":0,"comment_status":"closed","ping_status":"closed","sticky":false,"template":"","format":"standard","meta":{"footnotes":""},"categories":[17991],"tags":[],"class_list":["post-80568","post","type-post","status-publish","format-standard","","category-son-dakika"],"_links":{"self":[{"href":"https:\/\/archive.sana.sy\/tr\/index.php?rest_route=\/wp\/v2\/posts\/80568","targetHints":{"allow":["GET"]}}],"collection":[{"href":"https:\/\/archive.sana.sy\/tr\/index.php?rest_route=\/wp\/v2\/posts"}],"about":[{"href":"https:\/\/archive.sana.sy\/tr\/index.php?rest_route=\/wp\/v2\/types\/post"}],"author":[{"embeddable":true,"href":"https:\/\/archive.sana.sy\/tr\/index.php?rest_route=\/wp\/v2\/users\/1"}],"replies":[{"embeddable":true,"href":"https:\/\/archive.sana.sy\/tr\/index.php?rest_route=%2Fwp%2Fv2%2Fcomments&post=80568"}],"version-history":[{"count":0,"href":"https:\/\/archive.sana.sy\/tr\/index.php?rest_route=\/wp\/v2\/posts\/80568\/revisions"}],"wp:attachment":[{"href":"https:\/\/archive.sana.sy\/tr\/index.php?rest_route=%2Fwp%2Fv2%2Fmedia&parent=80568"}],"wp:term":[{"taxonomy":"category","embeddable":true,"href":"https:\/\/archive.sana.sy\/tr\/index.php?rest_route=%2Fwp%2Fv2%2Fcategories&post=80568"},{"taxonomy":"post_tag","embeddable":true,"href":"https:\/\/archive.sana.sy\/tr\/index.php?rest_route=%2Fwp%2Fv2%2Ftags&post=80568"}],"curies":[{"name":"wp","href":"https:\/\/api.w.org\/{rel}","templated":true}]}}